{"id":30669,"date":"2026-03-16T10:00:16","date_gmt":"2026-03-16T10:00:16","guid":{"rendered":"https:\/\/eurocomach.sampierana.com\/?p=30669"},"modified":"2026-03-17T13:55:05","modified_gmt":"2026-03-17T13:55:05","slug":"crescita-dei-talenti-globali-rafael-renno-e-lelettronica-del-futuro","status":"publish","type":"post","link":"https:\/\/eurocomach.sampierana.com\/it\/crescita-dei-talenti-globali-rafael-renno-e-lelettronica-del-futuro\/","title":{"rendered":"Crescita dei Talenti Globali: Rafael Renno e l&#8217;Elettronica del Futuro"},"content":{"rendered":"\n<div class=\"wp-block-columns is-layout-flex wp-container-core-columns-is-layout-9d6595d7 wp-block-columns-is-layout-flex\">\n<div class=\"wp-block-column is-layout-flow wp-block-column-is-layout-flow\" style=\"flex-basis:20%\"><\/div>\n\n\n\n<div class=\"wp-block-column is-layout-flow wp-block-column-is-layout-flow\" style=\"flex-basis:60%\">\n<h2 class=\"wp-block-heading\">Il CE PD Master Program: la testimonianza di Rafael<\/h2>\n\n\n\n<div style=\"height:25px\" aria-hidden=\"true\" class=\"wp-block-spacer\"><\/div>\n\n\n\n<p>Dopo aver esplorato l&#8217;esperienza di Rubia Pimenta, continuiamo il nostro viaggio all&#8217;interno del <strong>CE PD Master Program di CNH<\/strong> con la testimonianza di <strong>Rafael Renno<\/strong>, System Engineer. Rafael ci conduce nel cuore tecnologico dell&#8217;azienda, specializzandosi in elettronica e software per veicoli, con un forte focus sulle tecnologie d&#8217;avanguardia.<\/p>\n\n\n\n<p>La sua <strong>Job Rotation<\/strong> internazionale ha fatto base a <strong>Torino<\/strong>, hub strategico per l&#8217;innovazione, ma gli ha anche offerto l&#8217;opportunit\u00e0 di collaborare strettamente con il team di <strong>Lecce<\/strong>. Questo ha creato un ponte diretto tra i diversi centri d&#8217;eccellenza italiani di CNH, accelerando significativamente la sua crescita professionale.<\/p>\n\n\n\n<p>In questa intervista, ci ha spiegato come il passaggio dalle operazioni brasiliane alle linee di produzione italiane le abbia permesso di padroneggiare le piattaforme <strong>Grader<\/strong> e <strong>Telehandler<\/strong>, acquisendo esperienza diretta presso il <em>Proving Ground<\/em> e riportando competenze all&#8217;avanguardia in CNH Brasile.<\/p>\n\n\n\n<p><strong>D: Rafael, come \u00e8 iniziato il tuo percorso con CNH e con questo programma di Master?<\/strong> <\/p>\n\n\n\n<p>Mi sono laureato in <strong>Ingegneria Elettrica<\/strong> e il mio tirocinio si era gi\u00e0 svolto nel settore delle macchine movimento terra. Sapevo quanto fosse grande CNH e quale fosse il suo impatto sul mercato, quindi volevo farne parte. Quando ho sentito parlare del programma <strong>CE PD Master<\/strong> durante una diretta su <strong>YouTube <\/strong>\u2013 in particolare della possibilit\u00e0 di conseguire una specializzazione avanzata in tecnologia e della rotazione globale \u2013 ho capito che dovevo candidarmi.<\/p>\n\n\n\n<figure class=\"wp-block-image size-full\"><img loading=\"lazy\" decoding=\"async\" width=\"780\" height=\"570\" src=\"https:\/\/eurocomach.sampierana.com\/wp-content\/uploads\/sites\/7\/2026\/03\/immagine-33.png\" alt=\"\" class=\"wp-image-30718\" srcset=\"https:\/\/eurocomach.sampierana.com\/wp-content\/uploads\/sites\/7\/2026\/03\/immagine-33.png 780w, https:\/\/eurocomach.sampierana.com\/wp-content\/uploads\/sites\/7\/2026\/03\/immagine-33-300x219.png 300w, https:\/\/eurocomach.sampierana.com\/wp-content\/uploads\/sites\/7\/2026\/03\/immagine-33-768x561.png 768w\" sizes=\"auto, (max-width: 780px) 100vw, 780px\" \/><\/figure>\n\n\n\n<p><strong>D: Qual \u00e8 stata per te la parte pi\u00f9 preziosa della Job Rotation?<\/strong><\/p>\n\n\n\n<p>Avere una visione pi\u00f9 ampia dello <strong>sviluppo <\/strong>del <strong>prodotto<\/strong>. <\/p>\n\n\n\n<blockquote class=\"wp-block-quote is-layout-flow wp-block-quote-is-layout-flow\">\n<blockquote class=\"wp-block-quote is-layout-flow wp-block-quote-is-layout-flow\">\n<p class=\"has-background\" style=\"background-color:#f3f3f3\"><em>Abbiamo ruotato tra <strong>ingegneria<\/strong>, <strong>validazione <\/strong>del prodotto e <strong>piattaforme<\/strong>. Capire come un&#8217;azione nell&#8217;ingegneria influisca sulla piattaforma o sul processo di validazione \u00e8 essenziale. Ti aiuta a vedere il &#8220;quadro generale&#8221; (<strong>big picture<\/strong>) di come viene sviluppata una macchina<\/em><\/p>\n<\/blockquote>\n<\/blockquote>\n\n\n\n<div style=\"height:25px\" aria-hidden=\"true\" class=\"wp-block-spacer\"><\/div>\n\n\n\n<h2 class=\"wp-block-heading\">Torino e Lecce: la cultura del dialogo<\/h2>\n\n\n\n<div class=\"wp-block-columns is-layout-flex wp-container-core-columns-is-layout-9d6595d7 wp-block-columns-is-layout-flex\">\n<div class=\"wp-block-column is-layout-flow wp-block-column-is-layout-flow\">\n<p><strong>D: Hai trascorso del tempo a Torino e a Lecce. Cosa hai imparato dalla cultura lavorativa italiana?<\/strong><\/p>\n\n\n\n<p>\u00c8 stato un grande scambio culturale. Ho notato come gli italiani affrontano i problemi: possono essere molto energici e appassionati durante una riunione mentre discutono di un problema, ma non appena finisce tornano amici e vanno a prendere un caff\u00e8 insieme. Penso che questa capacit\u00e0 di discutere intensamente e poi restare colleghi affiatati sia una grande qualit\u00e0 da riportare in Brasile.<\/p>\n\n\n\n<p><strong>D: Dal punto di vista tecnico, quali sono stati i punti salienti della tua esperienza in Italia?<\/strong><\/p>\n\n\n\n<p>In Brasile, i corsi universitari ci hanno esposto a <strong>tecnologie all&#8217;avanguardia<\/strong> come il <strong>machine learning <\/strong>e <strong>l&#8217;elettrificazione<\/strong>. Qui in Italia, sono entrato a far parte del team di Elettronica del Veicolo. Passare del tempo con loro a Lecce ha accelerato notevolmente il mio apprendimento. Ho potuto approfondire <strong>l&#8217;integrazione elettronica <\/strong>e lo <strong>sviluppo del<\/strong> <strong>software<\/strong>, che rappresentano il futuro del nostro settore.<\/p>\n<\/div>\n\n\n\n<div class=\"wp-block-column is-layout-flow wp-block-column-is-layout-flow\">\n<figure class=\"wp-block-image size-large\"><img loading=\"lazy\" decoding=\"async\" width=\"1024\" height=\"680\" src=\"https:\/\/eurocomach.sampierana.com\/wp-content\/uploads\/sites\/7\/2026\/03\/Rubia-Pimenta-CE-PD-Program-1024x680.webp\" alt=\"\" class=\"wp-image-30648\" srcset=\"https:\/\/eurocomach.sampierana.com\/wp-content\/uploads\/sites\/7\/2026\/03\/Rubia-Pimenta-CE-PD-Program-1024x680.webp 1024w, https:\/\/eurocomach.sampierana.com\/wp-content\/uploads\/sites\/7\/2026\/03\/Rubia-Pimenta-CE-PD-Program-300x199.webp 300w, https:\/\/eurocomach.sampierana.com\/wp-content\/uploads\/sites\/7\/2026\/03\/Rubia-Pimenta-CE-PD-Program-768x510.webp 768w, https:\/\/eurocomach.sampierana.com\/wp-content\/uploads\/sites\/7\/2026\/03\/Rubia-Pimenta-CE-PD-Program.webp 1280w\" sizes=\"auto, (max-width: 1024px) 100vw, 1024px\" \/><\/figure>\n<\/div>\n<\/div>\n\n\n\n<h2 class=\"wp-block-heading\">Il bagaglio dell&#8217;esperienza<\/h2>\n\n\n\n<p><strong>D: Quali sono le tue riflessioni finali su questo viaggio?<\/strong><\/p>\n\n\n\n<p>Questo Master \u00e8 stato un&#8217;esperienza incredibile. Dalle rotazioni interne in diverse aree dello sviluppo prodotto ai corsi accademici e, infine, a questa rotazione globale in Italia: \u00e8 stato fantastico. Sono davvero grato per questa gigantesca opportunit\u00e0.<\/p>\n\n\n\n<p><strong>D: Qual sar\u00e0 il tuo obiettivo personale in Brasile?<\/strong><\/p>\n\n\n\n<p>Il mio obiettivo \u00e8 diventare un <strong>punto <\/strong>di <strong>riferimento <\/strong>per <strong>l&#8217;elettronica <\/strong>dei <strong>veicoli <\/strong>nel nostro stabilimento di Contagem. Essendo attualmente l&#8217;unico membro di questo specifico team in Brasile, voglio usare il &#8220;bagaglio&#8221; di conoscenze acquisite in Italia per guidare nuove soluzioni. Il mercato si sta inevitabilmente muovendo verso macchine elettroniche ed elettriche, voglio essere pronto a cambiare la mentalit\u00e0 degli operatori grazie a queste nuove tecnologie.<\/p>\n<\/div>\n\n\n\n<div class=\"wp-block-column is-layout-flow wp-block-column-is-layout-flow\" style=\"flex-basis:20%\"><\/div>\n<\/div>\n","protected":false},"excerpt":{"rendered":"<p>Il CE PD Master Program: la testimonianza di Rafael Dopo aver esplorato l&#8217;esperienza di Rubia Pimenta, continuiamo il nostro viaggio all&#8217;interno del CE PD Master Program di CNH con la testimonianza di Rafael Renno, System Engineer. Rafael ci conduce nel cuore tecnologico dell&#8217;azienda, specializzandosi in elettronica e software per veicoli, con un forte focus sulle [&hellip;]<\/p>\n","protected":false},"author":9,"featured_media":0,"comment_status":"closed","ping_status":"closed","sticky":false,"template":"","format":"standard","meta":{"_breakdance_hide_in_design_set":false,"_breakdance_tags":"","footnotes":""},"categories":[65],"tags":[60,43,44,54],"class_list":["post-30669","post","type-post","status-publish","format-standard","hentry","category-people-life","tag-cnh-2","tag-cnhindustrial","tag-eurocomach","tag-mini-escavatori-elettrici"],"yoast_head":"<!-- This site is optimized with the Yoast SEO plugin v26.3 - https:\/\/yoast.com\/wordpress\/plugins\/seo\/ -->\n<title>Crescita dei Talenti Globali: Rafael Renno e l&#039;Elettronica del Futuro<\/title>\n<meta name=\"description\" content=\"Rafael Renno, partecipante del programma Master CE PD, ci racconta la sua esperienza di Job Rotation in Italia nei siti di Torino e Lecce.\" \/>\n<meta name=\"robots\" content=\"index, follow, max-snippet:-1, max-image-preview:large, max-video-preview:-1\" \/>\n<link rel=\"canonical\" href=\"https:\/\/eurocomach.sampierana.com\/it\/crescita-dei-talenti-globali-rafael-renno-e-lelettronica-del-futuro\/\" \/>\n<meta property=\"og:locale\" content=\"it_IT\" \/>\n<meta property=\"og:type\" content=\"article\" \/>\n<meta property=\"og:title\" content=\"Crescita dei Talenti Globali: Rafael Renno e l&#039;Elettronica del Futuro\" \/>\n<meta property=\"og:description\" content=\"Rafael Renno, partecipante del programma Master CE PD, ci racconta la sua esperienza di Job Rotation in Italia nei siti di Torino e Lecce.\" \/>\n<meta property=\"og:url\" content=\"https:\/\/eurocomach.sampierana.com\/it\/crescita-dei-talenti-globali-rafael-renno-e-lelettronica-del-futuro\/\" \/>\n<meta property=\"og:site_name\" content=\"Eurocomach Machines\" \/>\n<meta property=\"article:published_time\" content=\"2026-03-16T10:00:16+00:00\" \/>\n<meta property=\"article:modified_time\" content=\"2026-03-17T13:55:05+00:00\" \/>\n<meta property=\"og:image\" content=\"https:\/\/eurocomach.sampierana.com\/wp-content\/uploads\/sites\/7\/2026\/03\/immagine-33.png\" \/>\n\t<meta property=\"og:image:width\" content=\"780\" \/>\n\t<meta property=\"og:image:height\" content=\"570\" \/>\n\t<meta property=\"og:image:type\" content=\"image\/png\" \/>\n<meta name=\"author\" content=\"dellamonicasara\" \/>\n<meta name=\"twitter:card\" content=\"summary_large_image\" \/>\n<meta name=\"twitter:label1\" content=\"Written by\" \/>\n\t<meta name=\"twitter:data1\" content=\"dellamonicasara\" \/>\n\t<meta name=\"twitter:label2\" content=\"Est. reading time\" \/>\n\t<meta name=\"twitter:data2\" content=\"3 minutes\" \/>\n<script type=\"application\/ld+json\" class=\"yoast-schema-graph\">{\"@context\":\"https:\/\/schema.org\",\"@graph\":[{\"@type\":\"Article\",\"@id\":\"https:\/\/eurocomach.sampierana.com\/it\/crescita-dei-talenti-globali-rafael-renno-e-lelettronica-del-futuro\/#article\",\"isPartOf\":{\"@id\":\"https:\/\/eurocomach.sampierana.com\/it\/crescita-dei-talenti-globali-rafael-renno-e-lelettronica-del-futuro\/\"},\"author\":{\"name\":\"dellamonicasara\",\"@id\":\"https:\/\/eurocomach.sampierana.com\/it\/#\/schema\/person\/a3d90b81acd39762fd43bea8e7208c97\"},\"headline\":\"Crescita dei Talenti Globali: Rafael Renno e l&#8217;Elettronica del Futuro\",\"datePublished\":\"2026-03-16T10:00:16+00:00\",\"dateModified\":\"2026-03-17T13:55:05+00:00\",\"mainEntityOfPage\":{\"@id\":\"https:\/\/eurocomach.sampierana.com\/it\/crescita-dei-talenti-globali-rafael-renno-e-lelettronica-del-futuro\/\"},\"wordCount\":601,\"publisher\":{\"@id\":\"https:\/\/eurocomach.sampierana.com\/it\/#organization\"},\"image\":{\"@id\":\"https:\/\/eurocomach.sampierana.com\/it\/crescita-dei-talenti-globali-rafael-renno-e-lelettronica-del-futuro\/#primaryimage\"},\"thumbnailUrl\":\"https:\/\/eurocomach.sampierana.com\/wp-content\/uploads\/sites\/7\/2026\/03\/immagine-33.png\",\"keywords\":[\"CNH\",\"cnhindustrial\",\"eurocomach\",\"Mini Escavatori Elettrici\"],\"articleSection\":[\"People &amp; Life\"],\"inLanguage\":\"it\"},{\"@type\":\"WebPage\",\"@id\":\"https:\/\/eurocomach.sampierana.com\/it\/crescita-dei-talenti-globali-rafael-renno-e-lelettronica-del-futuro\/\",\"url\":\"https:\/\/eurocomach.sampierana.com\/it\/crescita-dei-talenti-globali-rafael-renno-e-lelettronica-del-futuro\/\",\"name\":\"Crescita dei Talenti Globali: Rafael Renno e l'Elettronica del Futuro\",\"isPartOf\":{\"@id\":\"https:\/\/eurocomach.sampierana.com\/it\/#website\"},\"primaryImageOfPage\":{\"@id\":\"https:\/\/eurocomach.sampierana.com\/it\/crescita-dei-talenti-globali-rafael-renno-e-lelettronica-del-futuro\/#primaryimage\"},\"image\":{\"@id\":\"https:\/\/eurocomach.sampierana.com\/it\/crescita-dei-talenti-globali-rafael-renno-e-lelettronica-del-futuro\/#primaryimage\"},\"thumbnailUrl\":\"https:\/\/eurocomach.sampierana.com\/wp-content\/uploads\/sites\/7\/2026\/03\/immagine-33.png\",\"datePublished\":\"2026-03-16T10:00:16+00:00\",\"dateModified\":\"2026-03-17T13:55:05+00:00\",\"description\":\"Rafael Renno, partecipante del programma Master CE PD, ci racconta la sua esperienza di Job Rotation in Italia nei siti di Torino e Lecce.\",\"breadcrumb\":{\"@id\":\"https:\/\/eurocomach.sampierana.com\/it\/crescita-dei-talenti-globali-rafael-renno-e-lelettronica-del-futuro\/#breadcrumb\"},\"inLanguage\":\"it\",\"potentialAction\":[{\"@type\":\"ReadAction\",\"target\":[\"https:\/\/eurocomach.sampierana.com\/it\/crescita-dei-talenti-globali-rafael-renno-e-lelettronica-del-futuro\/\"]}]},{\"@type\":\"ImageObject\",\"inLanguage\":\"it\",\"@id\":\"https:\/\/eurocomach.sampierana.com\/it\/crescita-dei-talenti-globali-rafael-renno-e-lelettronica-del-futuro\/#primaryimage\",\"url\":\"https:\/\/eurocomach.sampierana.com\/wp-content\/uploads\/sites\/7\/2026\/03\/immagine-33.png\",\"contentUrl\":\"https:\/\/eurocomach.sampierana.com\/wp-content\/uploads\/sites\/7\/2026\/03\/immagine-33.png\"},{\"@type\":\"BreadcrumbList\",\"@id\":\"https:\/\/eurocomach.sampierana.com\/it\/crescita-dei-talenti-globali-rafael-renno-e-lelettronica-del-futuro\/#breadcrumb\",\"itemListElement\":[{\"@type\":\"ListItem\",\"position\":1,\"name\":\"Home\",\"item\":\"https:\/\/eurocomach.sampierana.com\/it\/\"},{\"@type\":\"ListItem\",\"position\":2,\"name\":\"Crescita dei Talenti Globali: Rafael Renno e l&#8217;Elettronica del Futuro\"}]},{\"@type\":\"WebSite\",\"@id\":\"https:\/\/eurocomach.sampierana.com\/it\/#website\",\"url\":\"https:\/\/eurocomach.sampierana.com\/it\/\",\"name\":\"Eurocomach Machines\",\"description\":\"Concrete Solutions Always\",\"publisher\":{\"@id\":\"https:\/\/eurocomach.sampierana.com\/it\/#organization\"},\"potentialAction\":[{\"@type\":\"SearchAction\",\"target\":{\"@type\":\"EntryPoint\",\"urlTemplate\":\"https:\/\/eurocomach.sampierana.com\/it\/?s={search_term_string}\"},\"query-input\":{\"@type\":\"PropertyValueSpecification\",\"valueRequired\":true,\"valueName\":\"search_term_string\"}}],\"inLanguage\":\"it\"},{\"@type\":\"Organization\",\"@id\":\"https:\/\/eurocomach.sampierana.com\/it\/#organization\",\"name\":\"Eurocomach machines\",\"url\":\"https:\/\/eurocomach.sampierana.com\/it\/\",\"logo\":{\"@type\":\"ImageObject\",\"inLanguage\":\"it\",\"@id\":\"https:\/\/eurocomach.sampierana.com\/it\/#\/schema\/logo\/image\/\",\"url\":\"https:\/\/eurocomach.sampierana.com\/wp-content\/uploads\/sites\/7\/2025\/10\/logo-eurocomach.png\",\"contentUrl\":\"https:\/\/eurocomach.sampierana.com\/wp-content\/uploads\/sites\/7\/2025\/10\/logo-eurocomach.png\",\"width\":332,\"height\":152,\"caption\":\"Eurocomach machines\"},\"image\":{\"@id\":\"https:\/\/eurocomach.sampierana.com\/it\/#\/schema\/logo\/image\/\"}},{\"@type\":\"Person\",\"@id\":\"https:\/\/eurocomach.sampierana.com\/it\/#\/schema\/person\/a3d90b81acd39762fd43bea8e7208c97\",\"name\":\"dellamonicasara\"}]}<\/script>\n<!-- \/ Yoast SEO plugin. -->","yoast_head_json":{"title":"Crescita dei Talenti Globali: Rafael Renno e l'Elettronica del Futuro","description":"Rafael Renno, partecipante del programma Master CE PD, ci racconta la sua esperienza di Job Rotation in Italia nei siti di Torino e Lecce.","robots":{"index":"index","follow":"follow","max-snippet":"max-snippet:-1","max-image-preview":"max-image-preview:large","max-video-preview":"max-video-preview:-1"},"canonical":"https:\/\/eurocomach.sampierana.com\/it\/crescita-dei-talenti-globali-rafael-renno-e-lelettronica-del-futuro\/","og_locale":"it_IT","og_type":"article","og_title":"Crescita dei Talenti Globali: Rafael Renno e l'Elettronica del Futuro","og_description":"Rafael Renno, partecipante del programma Master CE PD, ci racconta la sua esperienza di Job Rotation in Italia nei siti di Torino e Lecce.","og_url":"https:\/\/eurocomach.sampierana.com\/it\/crescita-dei-talenti-globali-rafael-renno-e-lelettronica-del-futuro\/","og_site_name":"Eurocomach Machines","article_published_time":"2026-03-16T10:00:16+00:00","article_modified_time":"2026-03-17T13:55:05+00:00","og_image":[{"width":780,"height":570,"url":"https:\/\/eurocomach.sampierana.com\/wp-content\/uploads\/sites\/7\/2026\/03\/immagine-33.png","type":"image\/png"}],"author":"dellamonicasara","twitter_card":"summary_large_image","twitter_misc":{"Written by":"dellamonicasara","Est. reading time":"3 minutes"},"schema":{"@context":"https:\/\/schema.org","@graph":[{"@type":"Article","@id":"https:\/\/eurocomach.sampierana.com\/it\/crescita-dei-talenti-globali-rafael-renno-e-lelettronica-del-futuro\/#article","isPartOf":{"@id":"https:\/\/eurocomach.sampierana.com\/it\/crescita-dei-talenti-globali-rafael-renno-e-lelettronica-del-futuro\/"},"author":{"name":"dellamonicasara","@id":"https:\/\/eurocomach.sampierana.com\/it\/#\/schema\/person\/a3d90b81acd39762fd43bea8e7208c97"},"headline":"Crescita dei Talenti Globali: Rafael Renno e l&#8217;Elettronica del Futuro","datePublished":"2026-03-16T10:00:16+00:00","dateModified":"2026-03-17T13:55:05+00:00","mainEntityOfPage":{"@id":"https:\/\/eurocomach.sampierana.com\/it\/crescita-dei-talenti-globali-rafael-renno-e-lelettronica-del-futuro\/"},"wordCount":601,"publisher":{"@id":"https:\/\/eurocomach.sampierana.com\/it\/#organization"},"image":{"@id":"https:\/\/eurocomach.sampierana.com\/it\/crescita-dei-talenti-globali-rafael-renno-e-lelettronica-del-futuro\/#primaryimage"},"thumbnailUrl":"https:\/\/eurocomach.sampierana.com\/wp-content\/uploads\/sites\/7\/2026\/03\/immagine-33.png","keywords":["CNH","cnhindustrial","eurocomach","Mini Escavatori Elettrici"],"articleSection":["People &amp; Life"],"inLanguage":"it"},{"@type":"WebPage","@id":"https:\/\/eurocomach.sampierana.com\/it\/crescita-dei-talenti-globali-rafael-renno-e-lelettronica-del-futuro\/","url":"https:\/\/eurocomach.sampierana.com\/it\/crescita-dei-talenti-globali-rafael-renno-e-lelettronica-del-futuro\/","name":"Crescita dei Talenti Globali: Rafael Renno e l'Elettronica del Futuro","isPartOf":{"@id":"https:\/\/eurocomach.sampierana.com\/it\/#website"},"primaryImageOfPage":{"@id":"https:\/\/eurocomach.sampierana.com\/it\/crescita-dei-talenti-globali-rafael-renno-e-lelettronica-del-futuro\/#primaryimage"},"image":{"@id":"https:\/\/eurocomach.sampierana.com\/it\/crescita-dei-talenti-globali-rafael-renno-e-lelettronica-del-futuro\/#primaryimage"},"thumbnailUrl":"https:\/\/eurocomach.sampierana.com\/wp-content\/uploads\/sites\/7\/2026\/03\/immagine-33.png","datePublished":"2026-03-16T10:00:16+00:00","dateModified":"2026-03-17T13:55:05+00:00","description":"Rafael Renno, partecipante del programma Master CE PD, ci racconta la sua esperienza di Job Rotation in Italia nei siti di Torino e Lecce.","breadcrumb":{"@id":"https:\/\/eurocomach.sampierana.com\/it\/crescita-dei-talenti-globali-rafael-renno-e-lelettronica-del-futuro\/#breadcrumb"},"inLanguage":"it","potentialAction":[{"@type":"ReadAction","target":["https:\/\/eurocomach.sampierana.com\/it\/crescita-dei-talenti-globali-rafael-renno-e-lelettronica-del-futuro\/"]}]},{"@type":"ImageObject","inLanguage":"it","@id":"https:\/\/eurocomach.sampierana.com\/it\/crescita-dei-talenti-globali-rafael-renno-e-lelettronica-del-futuro\/#primaryimage","url":"https:\/\/eurocomach.sampierana.com\/wp-content\/uploads\/sites\/7\/2026\/03\/immagine-33.png","contentUrl":"https:\/\/eurocomach.sampierana.com\/wp-content\/uploads\/sites\/7\/2026\/03\/immagine-33.png"},{"@type":"BreadcrumbList","@id":"https:\/\/eurocomach.sampierana.com\/it\/crescita-dei-talenti-globali-rafael-renno-e-lelettronica-del-futuro\/#breadcrumb","itemListElement":[{"@type":"ListItem","position":1,"name":"Home","item":"https:\/\/eurocomach.sampierana.com\/it\/"},{"@type":"ListItem","position":2,"name":"Crescita dei Talenti Globali: Rafael Renno e l&#8217;Elettronica del Futuro"}]},{"@type":"WebSite","@id":"https:\/\/eurocomach.sampierana.com\/it\/#website","url":"https:\/\/eurocomach.sampierana.com\/it\/","name":"Eurocomach Machines","description":"Concrete Solutions Always","publisher":{"@id":"https:\/\/eurocomach.sampierana.com\/it\/#organization"},"potentialAction":[{"@type":"SearchAction","target":{"@type":"EntryPoint","urlTemplate":"https:\/\/eurocomach.sampierana.com\/it\/?s={search_term_string}"},"query-input":{"@type":"PropertyValueSpecification","valueRequired":true,"valueName":"search_term_string"}}],"inLanguage":"it"},{"@type":"Organization","@id":"https:\/\/eurocomach.sampierana.com\/it\/#organization","name":"Eurocomach machines","url":"https:\/\/eurocomach.sampierana.com\/it\/","logo":{"@type":"ImageObject","inLanguage":"it","@id":"https:\/\/eurocomach.sampierana.com\/it\/#\/schema\/logo\/image\/","url":"https:\/\/eurocomach.sampierana.com\/wp-content\/uploads\/sites\/7\/2025\/10\/logo-eurocomach.png","contentUrl":"https:\/\/eurocomach.sampierana.com\/wp-content\/uploads\/sites\/7\/2025\/10\/logo-eurocomach.png","width":332,"height":152,"caption":"Eurocomach machines"},"image":{"@id":"https:\/\/eurocomach.sampierana.com\/it\/#\/schema\/logo\/image\/"}},{"@type":"Person","@id":"https:\/\/eurocomach.sampierana.com\/it\/#\/schema\/person\/a3d90b81acd39762fd43bea8e7208c97","name":"dellamonicasara"}]}},"_links":{"self":[{"href":"https:\/\/eurocomach.sampierana.com\/it\/wp-json\/wp\/v2\/posts\/30669","targetHints":{"allow":["GET"]}}],"collection":[{"href":"https:\/\/eurocomach.sampierana.com\/it\/wp-json\/wp\/v2\/posts"}],"about":[{"href":"https:\/\/eurocomach.sampierana.com\/it\/wp-json\/wp\/v2\/types\/post"}],"author":[{"embeddable":true,"href":"https:\/\/eurocomach.sampierana.com\/it\/wp-json\/wp\/v2\/users\/9"}],"replies":[{"embeddable":true,"href":"https:\/\/eurocomach.sampierana.com\/it\/wp-json\/wp\/v2\/comments?post=30669"}],"version-history":[{"count":4,"href":"https:\/\/eurocomach.sampierana.com\/it\/wp-json\/wp\/v2\/posts\/30669\/revisions"}],"predecessor-version":[{"id":30724,"href":"https:\/\/eurocomach.sampierana.com\/it\/wp-json\/wp\/v2\/posts\/30669\/revisions\/30724"}],"wp:attachment":[{"href":"https:\/\/eurocomach.sampierana.com\/it\/wp-json\/wp\/v2\/media?parent=30669"}],"wp:term":[{"taxonomy":"category","embeddable":true,"href":"https:\/\/eurocomach.sampierana.com\/it\/wp-json\/wp\/v2\/categories?post=30669"},{"taxonomy":"post_tag","embeddable":true,"href":"https:\/\/eurocomach.sampierana.com\/it\/wp-json\/wp\/v2\/tags?post=30669"}],"curies":[{"name":"wp","href":"https:\/\/api.w.org\/{rel}","templated":true}]}}