{"id":26456,"date":"2025-07-11T13:22:34","date_gmt":"2025-07-11T13:22:34","guid":{"rendered":"https:\/\/eurocomach.sampierana.com\/?p=26456"},"modified":"2025-07-11T13:31:37","modified_gmt":"2025-07-11T13:31:37","slug":"il-valore-aggiunto-delle-donne-la-testimonianza-di-patrizia","status":"publish","type":"post","link":"https:\/\/eurocomach.sampierana.com\/it\/il-valore-aggiunto-delle-donne-la-testimonianza-di-patrizia\/","title":{"rendered":"Il valore aggiunto delle donne: la testimonianza di Patrizia"},"content":{"rendered":"\n<p>I volti femminili in Sampierana sono tanti e questo, di per s\u00e9, \u00e8 motivo d\u2019orgoglio per noi. Ce n\u2019\u00e8 uno per\u00f2 che si distingue fra tutte, forse per il ruolo commerciale o forse perch\u00e9, quando Patrizia parla di escavatori, riesce a spiegarli con una semplicit\u00e0 e un entusiasmo disarmanti. Abbiamo impiegato due anni a convincerla, ma alla fine siamo riusciti a intervistarla e a scoprire quando \u00e8 cominciato tutto.<\/p>\n\n\n\n<p><strong>Come \u00e8 iniziata l\u2019avventura lavorativa in Sampierana?<\/strong><\/p>\n\n\n\n<blockquote class=\"wp-block-quote is-layout-flow wp-block-quote-is-layout-flow\"><p>Era pi\u00f9 o meno questo il periodo, Aprile maggio e correva l\u2019anno <strong>1995<\/strong>. Avevo finito il Liceo e stavo lavorando in un\u2019azienda a Cesena, ma non mi sentivo soddisfatta. In quel momento sono venuta a sapere che cercavano una figura per la reception qui in <strong>Sampierana<\/strong>. <\/p><p>Conoscevo l\u2019azienda perch\u00e9 sono cresciuta in questi luoghi. Quando mi sono presentata mi hanno chiesto se conoscessi un po\u2019 le lingue, inglese e francese principalmente. <strong>Sampierana<\/strong> all\u2019epoca era un\u2019azienda di trenta persone ed io, fresca di Liceo, ho detto s\u00ec all\u2019istante.<\/p><p>Dopo pochi mesi, mi \u00e8 stata data l\u2019opportunit\u00e0 di fare altro, e cio\u00e8 di entrare a contatto con i clienti.<\/p><\/blockquote>\n\n\n\n<p><strong>Ed \u00e8 iniziata cos\u00ec l\u2019avventura commerciale in Sampierana.<\/strong><\/p>\n\n\n\n<blockquote class=\"wp-block-quote is-layout-flow wp-block-quote-is-layout-flow\"><p>Inizialmente mi occupavo della gestione ordini mercato Italia con qualche timido approccio al <strong>mercato export<\/strong> legato principalmente ai contatti fiere nei paesi limitrofi (Francia, Spagna) sempre in ambito commerciale.<\/p><p>Inizialmente non credevo sarei rimasta, pensavo che avrei fatto l\u2019Universit\u00e0, che si trattava di un\u2019esperienza temporanea e invece il contatto con il cliente mi ha entusiasmata sin da subito ed eccomi ancora qua.<\/p><\/blockquote>\n\n\n\n<p><strong><strong>Quando hai cominciato a viaggiare nel ruolo di commerciale Eurocomach estero?<\/strong><\/strong><\/p>\n\n\n\n<blockquote class=\"wp-block-quote is-layout-flow wp-block-quote-is-layout-flow\"><p>La svolta \u00e8 arrivata dopo tanti anni di backoffice e principalmente con la crisi del <strong>2009<\/strong>. Quell\u2019anno il mercato Italia \u00e8 entrato in crisi, abbiamo cercato di spostare il raggio d\u2019azione oltre la Penisola e abbiamo cercato opportunit\u00e0 di lavoro ovunque. Siamo andati anche in <strong>Australia<\/strong> e <strong>Nuova Zelanda<\/strong>. Era indispensabile allargare il raggio d\u2019azione per continuare a lavorare e crescere come avevamo fatto fino a quel momento.<\/p><\/blockquote>\n\n\n\n<p><strong>Quando hai iniziato eri una delle poche figure femminili in azienda?<\/strong><\/p>\n\n\n\n<blockquote class=\"wp-block-quote is-layout-flow wp-block-quote-is-layout-flow\"><p>S\u00ec all\u2019epoca eravamo in poche. Per i ruoli commerciali si cercavano per lo pi\u00f9 figure maschili. D\u2019altronde il movimento terra \u00e8 fatto principalmente da uomini.Questo, per\u00f2, non significa che non ci sia margine per le donne che vogliono affermarsi. I potenziali clienti all\u2019inizio magari erano un pochino diffidenti.<\/p><p>Se sei donna tendono a metterti continuamente alla prova e quindi la <strong>fiducia<\/strong> te la devi guadagnare. La fiducia conquistata poi la devi mantenere nel tempo e per questo la <strong>precisione<\/strong> e la <strong>reattivit\u00e0<\/strong>, caratteristiche forse pi\u00f9 femminili, che mi riconoscono ed apprezzano i clienti sono assolutamente indispensabili.<\/p><\/blockquote>\n\n\n\n<p><strong>In tutto questo qual \u00e8, secondo te, il pi\u00f9 grande traguardo raggiunto?<\/strong><\/p>\n\n\n\n<blockquote class=\"wp-block-quote is-layout-flow wp-block-quote-is-layout-flow\"><p>Quando ti chiedono un parere perch\u00e9, allora, vuol dire che sei diventata un punto di riferimento.<\/p><\/blockquote>\n\n\n\n<p><strong>Domanda di rito: come hai imparato a conoscere i miniescavatori?<\/strong><\/p>\n\n\n\n<blockquote class=\"wp-block-quote is-layout-flow wp-block-quote-is-layout-flow\"><p>La conoscenza dei miniescavatori l\u2019abbiamo costruita sul campo. Ho avuto la fortuna di poter imparare le cose un po\u2019 per volta e anche di vedere la produzione, di confrontarmi con i clienti alle fiere. Poco per volta mi sono costruita la mia conoscenza sul prodotto che, c\u2019\u00e8 da dire, mi ha appassionata, il che non \u00e8 un fattore secondario. Ai tempi scendevo al campo prove vicino l\u2019azienda, accendevo la macchina e mi divertivo ad azionare i vari comandi.<\/p><p>Credo sia stato questo ad aiutarmi: la <strong>curiosit\u00e0<\/strong> di capire il perch\u00e9 delle cose ed il confronto quotidiano e diretto con il cliente.<\/p><\/blockquote>\n\n\n\n<p><strong>Pensi che oggi avendo pi\u00f9 informazioni a disposizione chi si approccia alle macchine sia commerciali che tecnici siano meno propensi a testarle con mano?<\/strong><\/p>\n\n\n\n<blockquote class=\"wp-block-quote is-layout-flow wp-block-quote-is-layout-flow\"><p>S\u00ec, oggi c\u2019\u00e8 proprio un modo diverso di vedere le cose. Rimango della mia idea: toccare le cose con mano te le fa capire meglio. Mi piacerebbe vedere i ragazzi andare oltre lo stare davanti allo schermo, magari vederli mentre provano a testare con mano quelle famose AUX di cui si sente sempre parlare.<\/p><p><\/p><\/blockquote>\n\n\n\n<p><strong>Ti ricordi quando Sampierana ha iniziato a produrre mini-escavatori?<\/strong><\/p>\n\n\n\n<blockquote class=\"wp-block-quote is-layout-flow wp-block-quote-is-layout-flow\"><p><strong>Eurocomach<\/strong> quando \u00e8 nata non faceva escavatori faceva terne articolate, un prodotto che nel corso del tempo \u00e8 andato sempre meno. Per gli <strong>escavatori<\/strong> e gli <strong>skid<\/strong> inizialmente acquistavamo da costruttori giapponesi o coreani.<\/p><p>Queste macchine, per\u00f2, non incontravano le caratteristiche del mercato italiano ed europeo. Ragionando su come fare, durante una riunione, venne fuori quest\u2019idea: perch\u00e9 non ce li facciamo da soli i mini-escavatori? Provammo a pensare ad un primo modello da 50 quintali. Il primo modello di miniescavatore Eurocomach interamente progettato e prodotto in Sampierana fu il modello <strong>ES500ZT<\/strong>; il responsabile progetto era l\u2019Ing <strong>Giuseppe Fabbri<\/strong> e la macchina fu presentata ad una importante fiera del settore che era il <strong>SAIE<\/strong> di Bologna nell\u2019ottobre <strong>2004<\/strong>.<\/p><\/blockquote>\n\n\n\n<img decoding=\"async\" style=\"max-width: 80%;height: auto\" src=\"https:\/\/eurocomach.sampierana.com\/wp-content\/uploads\/sites\/7\/2025\/07\/immagine-3.png\" alt=\"SAIE Bologna Eurocomach\">\n\n\n\n<p><strong>E questo \u00e8 stato il primo che hai venduto?<\/strong><\/p>\n\n\n\n<blockquote class=\"wp-block-quote is-layout-flow wp-block-quote-is-layout-flow\"><p>S\u00ec, il primo venduto fatto interamente da noi ed era una macchina bellissima, ben fatta, performante e che ci ha dato molte soddisfazioni.<\/p><p>Quella prima unit\u00e0 doveva farci capire se stavamo percorrendo la strada giusta. L\u2019impatto fu molto positivo e da l\u00ec abbiamo compreso che potevamo lanciarci sempre con l\u2019idea di rimanere sulla compact line e che dovevamo investire pi\u00f9 sui mini che non sulle terne.<\/p><\/blockquote>\n\n\n\n<p><strong>Oggi tra i prodotti Eurocomach secondo te quali sono i pi\u00f9 forti?<\/strong><\/p>\n\n\n\n<blockquote class=\"wp-block-quote is-layout-flow wp-block-quote-is-layout-flow\"><p>Il mercato \u00e8 in un momento particolare, ma secondo me la gamma dei <strong>mini piccoli da 1 a 2 ton<\/strong> ha pi\u00f9 potenziale e risponde meglio alle esigenze del mercato e poi continuo ad avere grande fiducia nei bracci triplici, nei <strong>TR<\/strong>; se riesci a far capire al cliente la validit\u00e0 del prodotto non c\u2019\u00e8 partita.<\/p><p>Anche per gli 8-10 TON con l\u2019elettronica nuova, la risposta \u00e8 stata positiva.<\/p><\/blockquote>\n\n\n\n<p><strong>Quanti anni sono che lavori in Sampierana?<\/strong><\/p>\n\n\n\n<blockquote class=\"wp-block-quote is-layout-flow wp-block-quote-is-layout-flow\"><p>Sono<strong> 30 anni<\/strong> che lavoro in Sampierana.<\/p><\/blockquote>\n\n\n\n<p><strong>Se dovessi aspettarti qualcosa di nuovo nel tuo futuro in Sampierana cosa ti aspetteresti?<\/strong><\/p>\n\n\n\n<blockquote class=\"wp-block-quote is-layout-flow wp-block-quote-is-layout-flow\"><p>Secondo me Sampierana come azienda ha potenziale e caratteristiche importanti per continuare a produrre per molti anni.&nbsp;Grazie a CNH sono state potenziate le linee e tutto si \u00e8 organizzato talmente al meglio che vedo una grossa capacit\u00e0 produttiva; \u00e8 chiaro che le macchine per\u00f2 vanno vendute e qui c\u2019\u00e8 molto da fare, la concorrenza \u00e8 spietata.<\/p><\/blockquote>\n\n\n\n<img decoding=\"async\" style=\"max-width: 80%;height: auto\" src=\"https:\/\/eurocomach.sampierana.com\/wp-content\/uploads\/sites\/7\/2025\/07\/Progetto-senza-titolo-9-2.jpg\" alt=\"Patrizia Sampierana Peter Garrit\">\n\n\n\n<p><strong>Prima di andare in pensione saresti contenta di vedere un\u2019altra Patrizia in Sampierana?<\/strong><\/p>\n\n\n\n<blockquote class=\"wp-block-quote is-layout-flow wp-block-quote-is-layout-flow\"><p>Sarei felicissima se qualcuna delle ragazze si lanciasse dal punto di vista commerciale. Capisco anche che non sia semplice, perch\u00e9 la figura commerciale classica prevede che tu stia fuori, faccia trasferte e pu\u00f2 risultare difficile da coniugare con l\u2019ambito familiare. Alle volte, per\u00f2, basta fare un primo tentativo, quasi casuale come \u00e8 stato per me, e tutto pu\u00f2 succedere!<\/p><\/blockquote>\n","protected":false},"excerpt":{"rendered":"<p>I volti femminili in Sampierana sono tanti e questo, di per s\u00e9, \u00e8 motivo d\u2019orgoglio per noi. Ce n\u2019\u00e8 uno per\u00f2 che si distingue fra tutte, forse per il ruolo commerciale o forse perch\u00e9, quando Patrizia parla di escavatori, riesce a spiegarli con una semplicit\u00e0 e un entusiasmo disarmanti. Abbiamo impiegato due anni a convincerla, [&hellip;]<\/p>\n","protected":false},"author":9,"featured_media":0,"comment_status":"closed","ping_status":"open","sticky":false,"template":"","format":"standard","meta":{"_breakdance_hide_in_design_set":false,"_breakdance_tags":"","footnotes":""},"categories":[65],"tags":[60,44],"class_list":["post-26456","post","type-post","status-publish","format-standard","hentry","category-people-life","tag-cnh-2","tag-eurocomach"],"yoast_head":"<!-- This site is optimized with the Yoast SEO plugin v26.3 - https:\/\/yoast.com\/wordpress\/plugins\/seo\/ -->\n<title>Il valore aggiunto delle donne: la testimonianza di Patrizia<\/title>\n<meta name=\"description\" content=\"I volti femminili in Sampierana sono tanti e tra questi c&#039;\u00e8 Patrizia, responsabile commerciale estero per Eurocomach.\" \/>\n<meta name=\"robots\" content=\"index, follow, max-snippet:-1, max-image-preview:large, max-video-preview:-1\" \/>\n<link rel=\"canonical\" href=\"https:\/\/eurocomach.sampierana.com\/it\/il-valore-aggiunto-delle-donne-la-testimonianza-di-patrizia\/\" \/>\n<meta property=\"og:locale\" content=\"it_IT\" \/>\n<meta property=\"og:type\" content=\"article\" \/>\n<meta property=\"og:title\" content=\"Il valore aggiunto delle donne: la testimonianza di Patrizia\" \/>\n<meta property=\"og:description\" content=\"I volti femminili in Sampierana sono tanti e tra questi c&#039;\u00e8 Patrizia, responsabile commerciale estero per Eurocomach.\" \/>\n<meta property=\"og:url\" content=\"https:\/\/eurocomach.sampierana.com\/it\/il-valore-aggiunto-delle-donne-la-testimonianza-di-patrizia\/\" \/>\n<meta property=\"og:site_name\" content=\"Eurocomach Machines\" \/>\n<meta property=\"article:published_time\" content=\"2025-07-11T13:22:34+00:00\" \/>\n<meta property=\"article:modified_time\" content=\"2025-07-11T13:31:37+00:00\" \/>\n<meta property=\"og:image\" content=\"https:\/\/eurocomach.sampierana.com\/wp-content\/uploads\/sites\/7\/2025\/07\/immagine-3.png\" \/>\n<meta name=\"author\" content=\"dellamonicasara\" \/>\n<meta name=\"twitter:card\" content=\"summary_large_image\" \/>\n<meta name=\"twitter:label1\" content=\"Written by\" \/>\n\t<meta name=\"twitter:data1\" content=\"dellamonicasara\" \/>\n\t<meta name=\"twitter:label2\" content=\"Est. reading time\" \/>\n\t<meta name=\"twitter:data2\" content=\"6 minutes\" \/>\n<script type=\"application\/ld+json\" class=\"yoast-schema-graph\">{\"@context\":\"https:\/\/schema.org\",\"@graph\":[{\"@type\":\"Article\",\"@id\":\"https:\/\/eurocomach.sampierana.com\/it\/il-valore-aggiunto-delle-donne-la-testimonianza-di-patrizia\/#article\",\"isPartOf\":{\"@id\":\"https:\/\/eurocomach.sampierana.com\/it\/il-valore-aggiunto-delle-donne-la-testimonianza-di-patrizia\/\"},\"author\":{\"name\":\"dellamonicasara\",\"@id\":\"https:\/\/eurocomach.sampierana.com\/it\/#\/schema\/person\/a3d90b81acd39762fd43bea8e7208c97\"},\"headline\":\"Il valore aggiunto delle donne: la testimonianza di Patrizia\",\"datePublished\":\"2025-07-11T13:22:34+00:00\",\"dateModified\":\"2025-07-11T13:31:37+00:00\",\"mainEntityOfPage\":{\"@id\":\"https:\/\/eurocomach.sampierana.com\/it\/il-valore-aggiunto-delle-donne-la-testimonianza-di-patrizia\/\"},\"wordCount\":1109,\"publisher\":{\"@id\":\"https:\/\/eurocomach.sampierana.com\/it\/#organization\"},\"image\":{\"@id\":\"https:\/\/eurocomach.sampierana.com\/it\/il-valore-aggiunto-delle-donne-la-testimonianza-di-patrizia\/#primaryimage\"},\"thumbnailUrl\":\"https:\/\/eurocomach.sampierana.com\/wp-content\/uploads\/sites\/7\/2025\/07\/immagine-3.png\",\"keywords\":[\"CNH\",\"eurocomach\"],\"articleSection\":[\"People &amp; Life\"],\"inLanguage\":\"it\"},{\"@type\":\"WebPage\",\"@id\":\"https:\/\/eurocomach.sampierana.com\/it\/il-valore-aggiunto-delle-donne-la-testimonianza-di-patrizia\/\",\"url\":\"https:\/\/eurocomach.sampierana.com\/it\/il-valore-aggiunto-delle-donne-la-testimonianza-di-patrizia\/\",\"name\":\"Il valore aggiunto delle donne: la testimonianza di Patrizia\",\"isPartOf\":{\"@id\":\"https:\/\/eurocomach.sampierana.com\/it\/#website\"},\"primaryImageOfPage\":{\"@id\":\"https:\/\/eurocomach.sampierana.com\/it\/il-valore-aggiunto-delle-donne-la-testimonianza-di-patrizia\/#primaryimage\"},\"image\":{\"@id\":\"https:\/\/eurocomach.sampierana.com\/it\/il-valore-aggiunto-delle-donne-la-testimonianza-di-patrizia\/#primaryimage\"},\"thumbnailUrl\":\"https:\/\/eurocomach.sampierana.com\/wp-content\/uploads\/sites\/7\/2025\/07\/immagine-3.png\",\"datePublished\":\"2025-07-11T13:22:34+00:00\",\"dateModified\":\"2025-07-11T13:31:37+00:00\",\"description\":\"I volti femminili in Sampierana sono tanti e tra questi c'\u00e8 Patrizia, responsabile commerciale estero per Eurocomach.\",\"breadcrumb\":{\"@id\":\"https:\/\/eurocomach.sampierana.com\/it\/il-valore-aggiunto-delle-donne-la-testimonianza-di-patrizia\/#breadcrumb\"},\"inLanguage\":\"it\",\"potentialAction\":[{\"@type\":\"ReadAction\",\"target\":[\"https:\/\/eurocomach.sampierana.com\/it\/il-valore-aggiunto-delle-donne-la-testimonianza-di-patrizia\/\"]}]},{\"@type\":\"ImageObject\",\"inLanguage\":\"it\",\"@id\":\"https:\/\/eurocomach.sampierana.com\/it\/il-valore-aggiunto-delle-donne-la-testimonianza-di-patrizia\/#primaryimage\",\"url\":\"https:\/\/eurocomach.sampierana.com\/wp-content\/uploads\/sites\/7\/2025\/07\/immagine-3.png\",\"contentUrl\":\"https:\/\/eurocomach.sampierana.com\/wp-content\/uploads\/sites\/7\/2025\/07\/immagine-3.png\"},{\"@type\":\"BreadcrumbList\",\"@id\":\"https:\/\/eurocomach.sampierana.com\/it\/il-valore-aggiunto-delle-donne-la-testimonianza-di-patrizia\/#breadcrumb\",\"itemListElement\":[{\"@type\":\"ListItem\",\"position\":1,\"name\":\"Home\",\"item\":\"https:\/\/eurocomach.sampierana.com\/it\/\"},{\"@type\":\"ListItem\",\"position\":2,\"name\":\"Il valore aggiunto delle donne: la testimonianza di Patrizia\"}]},{\"@type\":\"WebSite\",\"@id\":\"https:\/\/eurocomach.sampierana.com\/it\/#website\",\"url\":\"https:\/\/eurocomach.sampierana.com\/it\/\",\"name\":\"Eurocomach Machines\",\"description\":\"Concrete Solutions Always\",\"publisher\":{\"@id\":\"https:\/\/eurocomach.sampierana.com\/it\/#organization\"},\"potentialAction\":[{\"@type\":\"SearchAction\",\"target\":{\"@type\":\"EntryPoint\",\"urlTemplate\":\"https:\/\/eurocomach.sampierana.com\/it\/?s={search_term_string}\"},\"query-input\":{\"@type\":\"PropertyValueSpecification\",\"valueRequired\":true,\"valueName\":\"search_term_string\"}}],\"inLanguage\":\"it\"},{\"@type\":\"Organization\",\"@id\":\"https:\/\/eurocomach.sampierana.com\/it\/#organization\",\"name\":\"Eurocomach machines\",\"url\":\"https:\/\/eurocomach.sampierana.com\/it\/\",\"logo\":{\"@type\":\"ImageObject\",\"inLanguage\":\"it\",\"@id\":\"https:\/\/eurocomach.sampierana.com\/it\/#\/schema\/logo\/image\/\",\"url\":\"https:\/\/eurocomach.sampierana.com\/wp-content\/uploads\/sites\/7\/2025\/10\/logo-eurocomach.png\",\"contentUrl\":\"https:\/\/eurocomach.sampierana.com\/wp-content\/uploads\/sites\/7\/2025\/10\/logo-eurocomach.png\",\"width\":332,\"height\":152,\"caption\":\"Eurocomach machines\"},\"image\":{\"@id\":\"https:\/\/eurocomach.sampierana.com\/it\/#\/schema\/logo\/image\/\"}},{\"@type\":\"Person\",\"@id\":\"https:\/\/eurocomach.sampierana.com\/it\/#\/schema\/person\/a3d90b81acd39762fd43bea8e7208c97\",\"name\":\"dellamonicasara\"}]}<\/script>\n<!-- \/ Yoast SEO plugin. -->","yoast_head_json":{"title":"Il valore aggiunto delle donne: la testimonianza di Patrizia","description":"I volti femminili in Sampierana sono tanti e tra questi c'\u00e8 Patrizia, responsabile commerciale estero per Eurocomach.","robots":{"index":"index","follow":"follow","max-snippet":"max-snippet:-1","max-image-preview":"max-image-preview:large","max-video-preview":"max-video-preview:-1"},"canonical":"https:\/\/eurocomach.sampierana.com\/it\/il-valore-aggiunto-delle-donne-la-testimonianza-di-patrizia\/","og_locale":"it_IT","og_type":"article","og_title":"Il valore aggiunto delle donne: la testimonianza di Patrizia","og_description":"I volti femminili in Sampierana sono tanti e tra questi c'\u00e8 Patrizia, responsabile commerciale estero per Eurocomach.","og_url":"https:\/\/eurocomach.sampierana.com\/it\/il-valore-aggiunto-delle-donne-la-testimonianza-di-patrizia\/","og_site_name":"Eurocomach Machines","article_published_time":"2025-07-11T13:22:34+00:00","article_modified_time":"2025-07-11T13:31:37+00:00","og_image":[{"url":"https:\/\/eurocomach.sampierana.com\/wp-content\/uploads\/sites\/7\/2025\/07\/immagine-3.png","type":"","width":"","height":""}],"author":"dellamonicasara","twitter_card":"summary_large_image","twitter_misc":{"Written by":"dellamonicasara","Est. reading time":"6 minutes"},"schema":{"@context":"https:\/\/schema.org","@graph":[{"@type":"Article","@id":"https:\/\/eurocomach.sampierana.com\/it\/il-valore-aggiunto-delle-donne-la-testimonianza-di-patrizia\/#article","isPartOf":{"@id":"https:\/\/eurocomach.sampierana.com\/it\/il-valore-aggiunto-delle-donne-la-testimonianza-di-patrizia\/"},"author":{"name":"dellamonicasara","@id":"https:\/\/eurocomach.sampierana.com\/it\/#\/schema\/person\/a3d90b81acd39762fd43bea8e7208c97"},"headline":"Il valore aggiunto delle donne: la testimonianza di Patrizia","datePublished":"2025-07-11T13:22:34+00:00","dateModified":"2025-07-11T13:31:37+00:00","mainEntityOfPage":{"@id":"https:\/\/eurocomach.sampierana.com\/it\/il-valore-aggiunto-delle-donne-la-testimonianza-di-patrizia\/"},"wordCount":1109,"publisher":{"@id":"https:\/\/eurocomach.sampierana.com\/it\/#organization"},"image":{"@id":"https:\/\/eurocomach.sampierana.com\/it\/il-valore-aggiunto-delle-donne-la-testimonianza-di-patrizia\/#primaryimage"},"thumbnailUrl":"https:\/\/eurocomach.sampierana.com\/wp-content\/uploads\/sites\/7\/2025\/07\/immagine-3.png","keywords":["CNH","eurocomach"],"articleSection":["People &amp; Life"],"inLanguage":"it"},{"@type":"WebPage","@id":"https:\/\/eurocomach.sampierana.com\/it\/il-valore-aggiunto-delle-donne-la-testimonianza-di-patrizia\/","url":"https:\/\/eurocomach.sampierana.com\/it\/il-valore-aggiunto-delle-donne-la-testimonianza-di-patrizia\/","name":"Il valore aggiunto delle donne: la testimonianza di Patrizia","isPartOf":{"@id":"https:\/\/eurocomach.sampierana.com\/it\/#website"},"primaryImageOfPage":{"@id":"https:\/\/eurocomach.sampierana.com\/it\/il-valore-aggiunto-delle-donne-la-testimonianza-di-patrizia\/#primaryimage"},"image":{"@id":"https:\/\/eurocomach.sampierana.com\/it\/il-valore-aggiunto-delle-donne-la-testimonianza-di-patrizia\/#primaryimage"},"thumbnailUrl":"https:\/\/eurocomach.sampierana.com\/wp-content\/uploads\/sites\/7\/2025\/07\/immagine-3.png","datePublished":"2025-07-11T13:22:34+00:00","dateModified":"2025-07-11T13:31:37+00:00","description":"I volti femminili in Sampierana sono tanti e tra questi c'\u00e8 Patrizia, responsabile commerciale estero per Eurocomach.","breadcrumb":{"@id":"https:\/\/eurocomach.sampierana.com\/it\/il-valore-aggiunto-delle-donne-la-testimonianza-di-patrizia\/#breadcrumb"},"inLanguage":"it","potentialAction":[{"@type":"ReadAction","target":["https:\/\/eurocomach.sampierana.com\/it\/il-valore-aggiunto-delle-donne-la-testimonianza-di-patrizia\/"]}]},{"@type":"ImageObject","inLanguage":"it","@id":"https:\/\/eurocomach.sampierana.com\/it\/il-valore-aggiunto-delle-donne-la-testimonianza-di-patrizia\/#primaryimage","url":"https:\/\/eurocomach.sampierana.com\/wp-content\/uploads\/sites\/7\/2025\/07\/immagine-3.png","contentUrl":"https:\/\/eurocomach.sampierana.com\/wp-content\/uploads\/sites\/7\/2025\/07\/immagine-3.png"},{"@type":"BreadcrumbList","@id":"https:\/\/eurocomach.sampierana.com\/it\/il-valore-aggiunto-delle-donne-la-testimonianza-di-patrizia\/#breadcrumb","itemListElement":[{"@type":"ListItem","position":1,"name":"Home","item":"https:\/\/eurocomach.sampierana.com\/it\/"},{"@type":"ListItem","position":2,"name":"Il valore aggiunto delle donne: la testimonianza di Patrizia"}]},{"@type":"WebSite","@id":"https:\/\/eurocomach.sampierana.com\/it\/#website","url":"https:\/\/eurocomach.sampierana.com\/it\/","name":"Eurocomach Machines","description":"Concrete Solutions Always","publisher":{"@id":"https:\/\/eurocomach.sampierana.com\/it\/#organization"},"potentialAction":[{"@type":"SearchAction","target":{"@type":"EntryPoint","urlTemplate":"https:\/\/eurocomach.sampierana.com\/it\/?s={search_term_string}"},"query-input":{"@type":"PropertyValueSpecification","valueRequired":true,"valueName":"search_term_string"}}],"inLanguage":"it"},{"@type":"Organization","@id":"https:\/\/eurocomach.sampierana.com\/it\/#organization","name":"Eurocomach machines","url":"https:\/\/eurocomach.sampierana.com\/it\/","logo":{"@type":"ImageObject","inLanguage":"it","@id":"https:\/\/eurocomach.sampierana.com\/it\/#\/schema\/logo\/image\/","url":"https:\/\/eurocomach.sampierana.com\/wp-content\/uploads\/sites\/7\/2025\/10\/logo-eurocomach.png","contentUrl":"https:\/\/eurocomach.sampierana.com\/wp-content\/uploads\/sites\/7\/2025\/10\/logo-eurocomach.png","width":332,"height":152,"caption":"Eurocomach machines"},"image":{"@id":"https:\/\/eurocomach.sampierana.com\/it\/#\/schema\/logo\/image\/"}},{"@type":"Person","@id":"https:\/\/eurocomach.sampierana.com\/it\/#\/schema\/person\/a3d90b81acd39762fd43bea8e7208c97","name":"dellamonicasara"}]}},"_links":{"self":[{"href":"https:\/\/eurocomach.sampierana.com\/it\/wp-json\/wp\/v2\/posts\/26456","targetHints":{"allow":["GET"]}}],"collection":[{"href":"https:\/\/eurocomach.sampierana.com\/it\/wp-json\/wp\/v2\/posts"}],"about":[{"href":"https:\/\/eurocomach.sampierana.com\/it\/wp-json\/wp\/v2\/types\/post"}],"author":[{"embeddable":true,"href":"https:\/\/eurocomach.sampierana.com\/it\/wp-json\/wp\/v2\/users\/9"}],"replies":[{"embeddable":true,"href":"https:\/\/eurocomach.sampierana.com\/it\/wp-json\/wp\/v2\/comments?post=26456"}],"version-history":[{"count":4,"href":"https:\/\/eurocomach.sampierana.com\/it\/wp-json\/wp\/v2\/posts\/26456\/revisions"}],"predecessor-version":[{"id":26508,"href":"https:\/\/eurocomach.sampierana.com\/it\/wp-json\/wp\/v2\/posts\/26456\/revisions\/26508"}],"wp:attachment":[{"href":"https:\/\/eurocomach.sampierana.com\/it\/wp-json\/wp\/v2\/media?parent=26456"}],"wp:term":[{"taxonomy":"category","embeddable":true,"href":"https:\/\/eurocomach.sampierana.com\/it\/wp-json\/wp\/v2\/categories?post=26456"},{"taxonomy":"post_tag","embeddable":true,"href":"https:\/\/eurocomach.sampierana.com\/it\/wp-json\/wp\/v2\/tags?post=26456"}],"curies":[{"name":"wp","href":"https:\/\/api.w.org\/{rel}","templated":true}]}}