{"id":31622,"date":"2026-04-27T09:53:46","date_gmt":"2026-04-27T09:53:46","guid":{"rendered":"https:\/\/eurocomach.sampierana.com\/?p=31622"},"modified":"2026-04-27T09:53:47","modified_gmt":"2026-04-27T09:53:47","slug":"eurocomach-et-fabbri-srl-levolution-du-chantier-dans-le-sud-de-litalie","status":"publish","type":"post","link":"https:\/\/eurocomach.sampierana.com\/fr\/eurocomach-et-fabbri-srl-levolution-du-chantier-dans-le-sud-de-litalie\/","title":{"rendered":"Eurocomach et Fabbri SRL : l\u2019\u00e9volution du chantier dans le Sud de l\u2019Italie"},"content":{"rendered":"<div class=\"wp-block-columns is-layout-flex wp-container-core-columns-is-layout-9d6595d7 wp-block-columns-is-layout-flex\">\n<div class=\"wp-block-column is-layout-flow wp-block-column-is-layout-flow\" style=\"flex-basis:25%\"><\/div>\n\n\n\n<div class=\"wp-block-column is-layout-flow wp-block-column-is-layout-flow\" style=\"flex-basis:50%\">\n<p>Dall\u2019atelier m\u00e9canique au conseil pour les grands r\u00e9seaux souterrains : nous rencontrons <a href=\"https:\/\/fabbrimacchine.it\/\">Fabbri SRL<\/a>, point de r\u00e9f\u00e9rence Eurocomach pour le Sud de l\u2019Italie. Une r\u00e9alit\u00e9 qui a fait du service et de la r\u00e9activit\u00e9 d\u2019intervention son v\u00e9ritable \u00e9tendard.<\/p>\n\n\n\n<h3 class=\"wp-block-heading\"><strong>Une assistance qui na\u00eet \u00ab sur le terrain \u00bb<\/strong><\/h3>\n\n\n\n<p>Le concessionnaire Fabbri a une histoire profond\u00e9ment ancr\u00e9e dans la m\u00e9canique. Cette expertise technique se traduit par une capacit\u00e9 unique \u00e0 comprendre les machines et, surtout, les besoins de ceux qui les conduisent. Avec une couverture s\u2019\u00e9tendant des Pouilles \u00e0 la Basilicate, Fabbri ne se limite pas \u00e0 vendre : il garantit que le travail ne s\u2019arr\u00eate jamais.<\/p>\n\n\n\n<p>Nous avons interview\u00e9 Antonio Fabbri, administrateur de l\u2019entreprise du m\u00eame nom, pour comprendre comment Eurocomach a contribu\u00e9 \u00e0 leur croissance.<\/p>\n\n\n\n<div style=\"height:26px\" aria-hidden=\"true\" class=\"wp-block-spacer\"><\/div>\n\n\n\n<h3 class=\"wp-block-heading\"><strong>L\u2019interview : la parole \u00e0 Fabbri SRL<\/strong><\/h3>\n\n\n\n<p><strong>E :<\/strong> <strong>Vous avez une histoire importante qui trouve ses racines dans l\u2019atelier m\u00e9canique. \u00c0 quel point cette comp\u00e9tence compte-t-elle dans votre service apr\u00e8s-vente ?<\/strong><\/p>\n\n\n\n<p><em>Per noi l<strong>\u2019assistenza tecnica<\/strong> \u00e8 al primo posto. La Fabbri nasce come officina, e questo DNA ci porta a mettere il servizio post-vendita alla base di tutto. Oggi siamo anche rivenditori di ricambi online, ma il vero valore lo diamo in cantiere. <\/em><\/p>\n\n\n\n<blockquote class=\"wp-block-quote is-layout-flow wp-block-quote-is-layout-flow\">\n<p class=\"has-background\" style=\"background-color:#ff6a003b\"><em>Le client se lie \u00e0 nous parce qu\u2019il sait qu\u2019il ne sera jamais abandonn\u00e9 : nous offrons un support direct et proactif pour garantir que la machine soit toujours op\u00e9rationnelle. G\u00e9rer le service avec comp\u00e9tence et r\u00e9activit\u00e9 est ce qui nous permet de traiter chaque client \u00ab avec des gants blancs \u00bb.<\/em><\/p>\n<\/blockquote>\n\n\n\n<p><strong>E : Quelle est la valeur d\u2019avoir une relation directe avec le Service de la maison m\u00e8re ?<\/strong><\/p>\n\n\n\n<p><em>C\u2019est fondamental. <em><em>Nous sommes en contact tr\u00e8s direct avec le <strong>service Eurocomach<\/strong> et nous travaillons en \u00e9troite synergie avec leurs techniciens et responsables qualit\u00e9. Cette collaboration nous permet d\u2019intervenir rapidement, m\u00eame face aux d\u00e9fis de l\u2019\u00e9lectronique moderne.<\/em><\/em><\/em><\/p>\n\n\n\n<p class=\"has-background\" style=\"background-color:#ff6a003b\"><em><em> <\/em><strong>Notre objectif commun est de r\u00e9duire au minimum l\u2019immobilisation de la machine<\/strong> : lorsqu\u2019un client a un probl\u00e8me, nous sommes pr\u00eats \u00e0 intervenir imm\u00e9diatement, parfois en anticipant les solutions pour faire en sorte que le chantier ne s\u2019arr\u00eate jamais. <strong>C\u2019est cette r\u00e9activit\u00e9 qui pousse \u00e0 choisir \u00e0 nouveau Eurocomach.<\/strong><\/em><\/p>\n\n\n\n<div style=\"height:26px\" aria-hidden=\"true\" class=\"wp-block-spacer\"><\/div>\n\n\n\n<figure class=\"wp-block-image size-full\"><img loading=\"lazy\" decoding=\"async\" width=\"780\" height=\"570\" src=\"https:\/\/eurocomach.sampierana.com\/wp-content\/uploads\/sites\/7\/2026\/04\/Foto-blog.png\" alt=\"\" class=\"wp-image-31611\" srcset=\"https:\/\/eurocomach.sampierana.com\/wp-content\/uploads\/sites\/7\/2026\/04\/Foto-blog.png 780w, https:\/\/eurocomach.sampierana.com\/wp-content\/uploads\/sites\/7\/2026\/04\/Foto-blog-300x219.png 300w, https:\/\/eurocomach.sampierana.com\/wp-content\/uploads\/sites\/7\/2026\/04\/Foto-blog-768x561.png 768w\" sizes=\"auto, (max-width: 780px) 100vw, 780px\"><\/figure>\n\n\n\n<p><strong>E : En parlant de produit, qu\u2019est-ce qui diff\u00e9rencie Eurocomach aux yeux d\u2019un op\u00e9rateur des Pouilles ou de Basilicate ?<\/strong><\/p>\n\n\n\n<p><em>Au-del\u00e0 de l\u2019esth\u00e9tique attrayante, ce sont les performances qui convainquent. Les machines Eurocomach offrent une force et une vitesse sup\u00e9rieures \u00e0 celles de leurs concurrents.<\/em><\/p>\n\n\n\n<blockquote class=\"wp-block-quote is-layout-flow wp-block-quote-is-layout-flow\">\n<p class=\"has-background\" style=\"background-color:#ff6a003b\"><em>Le v\u00e9ritable saut de qualit\u00e9 a \u00e9t\u00e9 r\u00e9alis\u00e9 gr\u00e2ce \u00e0 la <strong>personnalisation<\/strong> : des solutions telles que <strong>l\u2019installation broyeur sur les petits mod\u00e8les<\/strong> ou <strong>les bras \u00e0 triple articulation<\/strong> ont cr\u00e9\u00e9 une distance nette avec les autres marques. Ce sont des machines qui permettent des applications qui \u00e9taient impensables auparavant<\/em>.<\/p>\n<\/blockquote>\n\n\n\n<div style=\"height:26px\" aria-hidden=\"true\" class=\"wp-block-spacer\"><\/div>\n\n\n\n<p><strong>E : Quels sont les secteurs porteurs sur votre territoire et quels mod\u00e8les voyons-nous le plus souvent \u00e0 l\u2019\u0153uvre ?<\/strong><\/p>\n\n\n\n<p><em>Dans les Pouilles et en Basilicate, nous travaillons beaucoup sur les r\u00e9novations et les r\u00e9seaux souterrains. Dans le Salento, par exemple, les mod\u00e8les compacts comme le 12ZT ou le 18ZT sont id\u00e9aux pour les chantiers urbains. En revanche, lorsqu\u2019on passe aux r\u00e9seaux \u2014 aqueducs, fibre optique, \u00e9nergie \u2014 les machines entre 3,5 et 6,5 tonnes deviennent les protagonistes.<\/em><\/p>\n\n\n\n<blockquote class=\"wp-block-quote is-layout-flow wp-block-quote-is-layout-flow\">\n<p class=\"has-background\" style=\"background-color:#ff6a003b\"><em>Dans ces contextes, la pelleteuse devient une machine multifonction : gr\u00e2ce aux puissances hydrauliques d\u2019Eurocomach, nos clients installent des <strong>fraises<\/strong>, des <strong>tari\u00e8res<\/strong> et des <strong>\u00e9quipements sp\u00e9cifiques<\/strong>, transformant ainsi l\u2019engin en un v\u00e9ritable centre de services mobile.<\/em><\/p>\n<\/blockquote>\n<\/div>\n\n\n\n<div class=\"wp-block-column is-layout-flow wp-block-column-is-layout-flow\"><\/div>\n\n\n\n<div class=\"wp-block-column is-layout-flow wp-block-column-is-layout-flow\" style=\"flex-basis:25%\"><\/div>\n<\/div>\n","protected":false},"excerpt":{"rendered":"<p>Dall\u2019atelier m\u00e9canique au conseil pour les grands r\u00e9seaux souterrains : nous rencontrons Fabbri SRL, point de r\u00e9f\u00e9rence Eurocomach pour le Sud de l\u2019Italie. Une r\u00e9alit\u00e9 qui a fait du service et de la r\u00e9activit\u00e9 d\u2019intervention son v\u00e9ritable \u00e9tendard. Une assistance qui na\u00eet \u00ab sur le terrain \u00bb Le concessionnaire Fabbri a une histoire profond\u00e9ment ancr\u00e9e [&hellip;]<\/p>\n","protected":false},"author":9,"featured_media":0,"comment_status":"closed","ping_status":"closed","sticky":false,"template":"","format":"standard","meta":{"_breakdance_hide_in_design_set":false,"_breakdance_tags":"","footnotes":""},"categories":[72],"tags":[93,109,136,137,92],"class_list":["post-31622","post","type-post","status-publish","format-standard","hentry","category-people-life-fr","tag-cnh-fr","tag-cnhindustrial-fr","tag-dealer","tag-earth-moving","tag-eurocomach-fr"],"yoast_head":"<!-- This site is optimized with the Yoast SEO plugin v26.3 - https:\/\/yoast.com\/wordpress\/plugins\/seo\/ -->\n<title>Eurocomach et Fabbri SRL : l\u2019\u00e9volution du chantier dans le Sud de l\u2019Italie<\/title>\n<meta name=\"description\" content=\"Dans les Pouilles et la Basilicate, Eurocomach et Fabbri ont assur\u00e9 une \u00e9volution du chantier en r\u00e9pondant aux besoins du territoire.\" \/>\n<meta name=\"robots\" content=\"index, follow, max-snippet:-1, max-image-preview:large, max-video-preview:-1\" \/>\n<link rel=\"canonical\" href=\"https:\/\/eurocomach.sampierana.com\/fr\/eurocomach-et-fabbri-srl-levolution-du-chantier-dans-le-sud-de-litalie\/\" \/>\n<meta property=\"og:locale\" content=\"fr_FR\" \/>\n<meta property=\"og:type\" content=\"article\" \/>\n<meta property=\"og:title\" content=\"Eurocomach et Fabbri SRL : l\u2019\u00e9volution du chantier dans le Sud de l\u2019Italie\" \/>\n<meta property=\"og:description\" content=\"Dans les Pouilles et la Basilicate, Eurocomach et Fabbri ont assur\u00e9 une \u00e9volution du chantier en r\u00e9pondant aux besoins du territoire.\" \/>\n<meta property=\"og:url\" content=\"https:\/\/eurocomach.sampierana.com\/fr\/eurocomach-et-fabbri-srl-levolution-du-chantier-dans-le-sud-de-litalie\/\" \/>\n<meta property=\"og:site_name\" content=\"Eurocomach Machines\" \/>\n<meta property=\"article:published_time\" content=\"2026-04-27T09:53:46+00:00\" \/>\n<meta property=\"article:modified_time\" content=\"2026-04-27T09:53:47+00:00\" \/>\n<meta property=\"og:image\" content=\"https:\/\/eurocomach.sampierana.com\/wp-content\/uploads\/sites\/7\/2026\/04\/Foto-blog.png\" \/>\n\t<meta property=\"og:image:width\" content=\"780\" \/>\n\t<meta property=\"og:image:height\" content=\"570\" \/>\n\t<meta property=\"og:image:type\" content=\"image\/png\" \/>\n<meta name=\"author\" content=\"dellamonicasara\" \/>\n<meta name=\"twitter:card\" content=\"summary_large_image\" \/>\n<meta name=\"twitter:label1\" content=\"Written by\" \/>\n\t<meta name=\"twitter:data1\" content=\"dellamonicasara\" \/>\n\t<meta name=\"twitter:label2\" content=\"Est. reading time\" \/>\n\t<meta name=\"twitter:data2\" content=\"3 minutes\" \/>\n<script type=\"application\/ld+json\" class=\"yoast-schema-graph\">{\"@context\":\"https:\/\/schema.org\",\"@graph\":[{\"@type\":\"Article\",\"@id\":\"https:\/\/eurocomach.sampierana.com\/fr\/eurocomach-et-fabbri-srl-levolution-du-chantier-dans-le-sud-de-litalie\/#article\",\"isPartOf\":{\"@id\":\"https:\/\/eurocomach.sampierana.com\/fr\/eurocomach-et-fabbri-srl-levolution-du-chantier-dans-le-sud-de-litalie\/\"},\"author\":{\"name\":\"dellamonicasara\",\"@id\":\"https:\/\/eurocomach.sampierana.com\/fr\/#\/schema\/person\/a3d90b81acd39762fd43bea8e7208c97\"},\"headline\":\"Eurocomach et Fabbri SRL : l\u2019\u00e9volution du chantier dans le Sud de l\u2019Italie\",\"datePublished\":\"2026-04-27T09:53:46+00:00\",\"dateModified\":\"2026-04-27T09:53:47+00:00\",\"mainEntityOfPage\":{\"@id\":\"https:\/\/eurocomach.sampierana.com\/fr\/eurocomach-et-fabbri-srl-levolution-du-chantier-dans-le-sud-de-litalie\/\"},\"wordCount\":615,\"publisher\":{\"@id\":\"https:\/\/eurocomach.sampierana.com\/fr\/#organization\"},\"image\":{\"@id\":\"https:\/\/eurocomach.sampierana.com\/fr\/eurocomach-et-fabbri-srl-levolution-du-chantier-dans-le-sud-de-litalie\/#primaryimage\"},\"thumbnailUrl\":\"https:\/\/eurocomach.sampierana.com\/wp-content\/uploads\/sites\/7\/2026\/04\/Foto-blog.png\",\"keywords\":[\"CNH\",\"cnhindustrial\",\"Dealer\",\"Earth moving\",\"eurocomach\"],\"articleSection\":[\"People &amp; Life\"],\"inLanguage\":\"fr\"},{\"@type\":\"WebPage\",\"@id\":\"https:\/\/eurocomach.sampierana.com\/fr\/eurocomach-et-fabbri-srl-levolution-du-chantier-dans-le-sud-de-litalie\/\",\"url\":\"https:\/\/eurocomach.sampierana.com\/fr\/eurocomach-et-fabbri-srl-levolution-du-chantier-dans-le-sud-de-litalie\/\",\"name\":\"Eurocomach et Fabbri SRL : l\u2019\u00e9volution du chantier dans le Sud de l\u2019Italie\",\"isPartOf\":{\"@id\":\"https:\/\/eurocomach.sampierana.com\/fr\/#website\"},\"primaryImageOfPage\":{\"@id\":\"https:\/\/eurocomach.sampierana.com\/fr\/eurocomach-et-fabbri-srl-levolution-du-chantier-dans-le-sud-de-litalie\/#primaryimage\"},\"image\":{\"@id\":\"https:\/\/eurocomach.sampierana.com\/fr\/eurocomach-et-fabbri-srl-levolution-du-chantier-dans-le-sud-de-litalie\/#primaryimage\"},\"thumbnailUrl\":\"https:\/\/eurocomach.sampierana.com\/wp-content\/uploads\/sites\/7\/2026\/04\/Foto-blog.png\",\"datePublished\":\"2026-04-27T09:53:46+00:00\",\"dateModified\":\"2026-04-27T09:53:47+00:00\",\"description\":\"Dans les Pouilles et la Basilicate, Eurocomach et Fabbri ont assur\u00e9 une \u00e9volution du chantier en r\u00e9pondant aux besoins du territoire.\",\"breadcrumb\":{\"@id\":\"https:\/\/eurocomach.sampierana.com\/fr\/eurocomach-et-fabbri-srl-levolution-du-chantier-dans-le-sud-de-litalie\/#breadcrumb\"},\"inLanguage\":\"fr\",\"potentialAction\":[{\"@type\":\"ReadAction\",\"target\":[\"https:\/\/eurocomach.sampierana.com\/fr\/eurocomach-et-fabbri-srl-levolution-du-chantier-dans-le-sud-de-litalie\/\"]}]},{\"@type\":\"ImageObject\",\"inLanguage\":\"fr\",\"@id\":\"https:\/\/eurocomach.sampierana.com\/fr\/eurocomach-et-fabbri-srl-levolution-du-chantier-dans-le-sud-de-litalie\/#primaryimage\",\"url\":\"https:\/\/eurocomach.sampierana.com\/wp-content\/uploads\/sites\/7\/2026\/04\/Foto-blog.png\",\"contentUrl\":\"https:\/\/eurocomach.sampierana.com\/wp-content\/uploads\/sites\/7\/2026\/04\/Foto-blog.png\"},{\"@type\":\"BreadcrumbList\",\"@id\":\"https:\/\/eurocomach.sampierana.com\/fr\/eurocomach-et-fabbri-srl-levolution-du-chantier-dans-le-sud-de-litalie\/#breadcrumb\",\"itemListElement\":[{\"@type\":\"ListItem\",\"position\":1,\"name\":\"Home\",\"item\":\"https:\/\/eurocomach.sampierana.com\/fr\/\"},{\"@type\":\"ListItem\",\"position\":2,\"name\":\"Eurocomach et Fabbri SRL : l\u2019\u00e9volution du chantier dans le Sud de l\u2019Italie\"}]},{\"@type\":\"WebSite\",\"@id\":\"https:\/\/eurocomach.sampierana.com\/fr\/#website\",\"url\":\"https:\/\/eurocomach.sampierana.com\/fr\/\",\"name\":\"Eurocomach Machines\",\"description\":\"Concrete Solutions Always\",\"publisher\":{\"@id\":\"https:\/\/eurocomach.sampierana.com\/fr\/#organization\"},\"potentialAction\":[{\"@type\":\"SearchAction\",\"target\":{\"@type\":\"EntryPoint\",\"urlTemplate\":\"https:\/\/eurocomach.sampierana.com\/fr\/?s={search_term_string}\"},\"query-input\":{\"@type\":\"PropertyValueSpecification\",\"valueRequired\":true,\"valueName\":\"search_term_string\"}}],\"inLanguage\":\"fr\"},{\"@type\":\"Organization\",\"@id\":\"https:\/\/eurocomach.sampierana.com\/fr\/#organization\",\"name\":\"Eurocomach machines\",\"url\":\"https:\/\/eurocomach.sampierana.com\/fr\/\",\"logo\":{\"@type\":\"ImageObject\",\"inLanguage\":\"fr\",\"@id\":\"https:\/\/eurocomach.sampierana.com\/fr\/#\/schema\/logo\/image\/\",\"url\":\"https:\/\/eurocomach.sampierana.com\/wp-content\/uploads\/sites\/7\/2025\/10\/logo-eurocomach.png\",\"contentUrl\":\"https:\/\/eurocomach.sampierana.com\/wp-content\/uploads\/sites\/7\/2025\/10\/logo-eurocomach.png\",\"width\":332,\"height\":152,\"caption\":\"Eurocomach machines\"},\"image\":{\"@id\":\"https:\/\/eurocomach.sampierana.com\/fr\/#\/schema\/logo\/image\/\"}},{\"@type\":\"Person\",\"@id\":\"https:\/\/eurocomach.sampierana.com\/fr\/#\/schema\/person\/a3d90b81acd39762fd43bea8e7208c97\",\"name\":\"dellamonicasara\"}]}<\/script>\n<!-- \/ Yoast SEO plugin. -->","yoast_head_json":{"title":"Eurocomach et Fabbri SRL : l\u2019\u00e9volution du chantier dans le Sud de l\u2019Italie","description":"Dans les Pouilles et la Basilicate, Eurocomach et Fabbri ont assur\u00e9 une \u00e9volution du chantier en r\u00e9pondant aux besoins du territoire.","robots":{"index":"index","follow":"follow","max-snippet":"max-snippet:-1","max-image-preview":"max-image-preview:large","max-video-preview":"max-video-preview:-1"},"canonical":"https:\/\/eurocomach.sampierana.com\/fr\/eurocomach-et-fabbri-srl-levolution-du-chantier-dans-le-sud-de-litalie\/","og_locale":"fr_FR","og_type":"article","og_title":"Eurocomach et Fabbri SRL : l\u2019\u00e9volution du chantier dans le Sud de l\u2019Italie","og_description":"Dans les Pouilles et la Basilicate, Eurocomach et Fabbri ont assur\u00e9 une \u00e9volution du chantier en r\u00e9pondant aux besoins du territoire.","og_url":"https:\/\/eurocomach.sampierana.com\/fr\/eurocomach-et-fabbri-srl-levolution-du-chantier-dans-le-sud-de-litalie\/","og_site_name":"Eurocomach Machines","article_published_time":"2026-04-27T09:53:46+00:00","article_modified_time":"2026-04-27T09:53:47+00:00","og_image":[{"width":780,"height":570,"url":"https:\/\/eurocomach.sampierana.com\/wp-content\/uploads\/sites\/7\/2026\/04\/Foto-blog.png","type":"image\/png"}],"author":"dellamonicasara","twitter_card":"summary_large_image","twitter_misc":{"Written by":"dellamonicasara","Est. reading time":"3 minutes"},"schema":{"@context":"https:\/\/schema.org","@graph":[{"@type":"Article","@id":"https:\/\/eurocomach.sampierana.com\/fr\/eurocomach-et-fabbri-srl-levolution-du-chantier-dans-le-sud-de-litalie\/#article","isPartOf":{"@id":"https:\/\/eurocomach.sampierana.com\/fr\/eurocomach-et-fabbri-srl-levolution-du-chantier-dans-le-sud-de-litalie\/"},"author":{"name":"dellamonicasara","@id":"https:\/\/eurocomach.sampierana.com\/fr\/#\/schema\/person\/a3d90b81acd39762fd43bea8e7208c97"},"headline":"Eurocomach et Fabbri SRL : l\u2019\u00e9volution du chantier dans le Sud de l\u2019Italie","datePublished":"2026-04-27T09:53:46+00:00","dateModified":"2026-04-27T09:53:47+00:00","mainEntityOfPage":{"@id":"https:\/\/eurocomach.sampierana.com\/fr\/eurocomach-et-fabbri-srl-levolution-du-chantier-dans-le-sud-de-litalie\/"},"wordCount":615,"publisher":{"@id":"https:\/\/eurocomach.sampierana.com\/fr\/#organization"},"image":{"@id":"https:\/\/eurocomach.sampierana.com\/fr\/eurocomach-et-fabbri-srl-levolution-du-chantier-dans-le-sud-de-litalie\/#primaryimage"},"thumbnailUrl":"https:\/\/eurocomach.sampierana.com\/wp-content\/uploads\/sites\/7\/2026\/04\/Foto-blog.png","keywords":["CNH","cnhindustrial","Dealer","Earth moving","eurocomach"],"articleSection":["People &amp; Life"],"inLanguage":"fr"},{"@type":"WebPage","@id":"https:\/\/eurocomach.sampierana.com\/fr\/eurocomach-et-fabbri-srl-levolution-du-chantier-dans-le-sud-de-litalie\/","url":"https:\/\/eurocomach.sampierana.com\/fr\/eurocomach-et-fabbri-srl-levolution-du-chantier-dans-le-sud-de-litalie\/","name":"Eurocomach et Fabbri SRL : l\u2019\u00e9volution du chantier dans le Sud de l\u2019Italie","isPartOf":{"@id":"https:\/\/eurocomach.sampierana.com\/fr\/#website"},"primaryImageOfPage":{"@id":"https:\/\/eurocomach.sampierana.com\/fr\/eurocomach-et-fabbri-srl-levolution-du-chantier-dans-le-sud-de-litalie\/#primaryimage"},"image":{"@id":"https:\/\/eurocomach.sampierana.com\/fr\/eurocomach-et-fabbri-srl-levolution-du-chantier-dans-le-sud-de-litalie\/#primaryimage"},"thumbnailUrl":"https:\/\/eurocomach.sampierana.com\/wp-content\/uploads\/sites\/7\/2026\/04\/Foto-blog.png","datePublished":"2026-04-27T09:53:46+00:00","dateModified":"2026-04-27T09:53:47+00:00","description":"Dans les Pouilles et la Basilicate, Eurocomach et Fabbri ont assur\u00e9 une \u00e9volution du chantier en r\u00e9pondant aux besoins du territoire.","breadcrumb":{"@id":"https:\/\/eurocomach.sampierana.com\/fr\/eurocomach-et-fabbri-srl-levolution-du-chantier-dans-le-sud-de-litalie\/#breadcrumb"},"inLanguage":"fr","potentialAction":[{"@type":"ReadAction","target":["https:\/\/eurocomach.sampierana.com\/fr\/eurocomach-et-fabbri-srl-levolution-du-chantier-dans-le-sud-de-litalie\/"]}]},{"@type":"ImageObject","inLanguage":"fr","@id":"https:\/\/eurocomach.sampierana.com\/fr\/eurocomach-et-fabbri-srl-levolution-du-chantier-dans-le-sud-de-litalie\/#primaryimage","url":"https:\/\/eurocomach.sampierana.com\/wp-content\/uploads\/sites\/7\/2026\/04\/Foto-blog.png","contentUrl":"https:\/\/eurocomach.sampierana.com\/wp-content\/uploads\/sites\/7\/2026\/04\/Foto-blog.png"},{"@type":"BreadcrumbList","@id":"https:\/\/eurocomach.sampierana.com\/fr\/eurocomach-et-fabbri-srl-levolution-du-chantier-dans-le-sud-de-litalie\/#breadcrumb","itemListElement":[{"@type":"ListItem","position":1,"name":"Home","item":"https:\/\/eurocomach.sampierana.com\/fr\/"},{"@type":"ListItem","position":2,"name":"Eurocomach et Fabbri SRL : l\u2019\u00e9volution du chantier dans le Sud de l\u2019Italie"}]},{"@type":"WebSite","@id":"https:\/\/eurocomach.sampierana.com\/fr\/#website","url":"https:\/\/eurocomach.sampierana.com\/fr\/","name":"Eurocomach Machines","description":"Concrete Solutions Always","publisher":{"@id":"https:\/\/eurocomach.sampierana.com\/fr\/#organization"},"potentialAction":[{"@type":"SearchAction","target":{"@type":"EntryPoint","urlTemplate":"https:\/\/eurocomach.sampierana.com\/fr\/?s={search_term_string}"},"query-input":{"@type":"PropertyValueSpecification","valueRequired":true,"valueName":"search_term_string"}}],"inLanguage":"fr"},{"@type":"Organization","@id":"https:\/\/eurocomach.sampierana.com\/fr\/#organization","name":"Eurocomach machines","url":"https:\/\/eurocomach.sampierana.com\/fr\/","logo":{"@type":"ImageObject","inLanguage":"fr","@id":"https:\/\/eurocomach.sampierana.com\/fr\/#\/schema\/logo\/image\/","url":"https:\/\/eurocomach.sampierana.com\/wp-content\/uploads\/sites\/7\/2025\/10\/logo-eurocomach.png","contentUrl":"https:\/\/eurocomach.sampierana.com\/wp-content\/uploads\/sites\/7\/2025\/10\/logo-eurocomach.png","width":332,"height":152,"caption":"Eurocomach machines"},"image":{"@id":"https:\/\/eurocomach.sampierana.com\/fr\/#\/schema\/logo\/image\/"}},{"@type":"Person","@id":"https:\/\/eurocomach.sampierana.com\/fr\/#\/schema\/person\/a3d90b81acd39762fd43bea8e7208c97","name":"dellamonicasara"}]}},"_links":{"self":[{"href":"https:\/\/eurocomach.sampierana.com\/fr\/wp-json\/wp\/v2\/posts\/31622","targetHints":{"allow":["GET"]}}],"collection":[{"href":"https:\/\/eurocomach.sampierana.com\/fr\/wp-json\/wp\/v2\/posts"}],"about":[{"href":"https:\/\/eurocomach.sampierana.com\/fr\/wp-json\/wp\/v2\/types\/post"}],"author":[{"embeddable":true,"href":"https:\/\/eurocomach.sampierana.com\/fr\/wp-json\/wp\/v2\/users\/9"}],"replies":[{"embeddable":true,"href":"https:\/\/eurocomach.sampierana.com\/fr\/wp-json\/wp\/v2\/comments?post=31622"}],"version-history":[{"count":2,"href":"https:\/\/eurocomach.sampierana.com\/fr\/wp-json\/wp\/v2\/posts\/31622\/revisions"}],"predecessor-version":[{"id":31627,"href":"https:\/\/eurocomach.sampierana.com\/fr\/wp-json\/wp\/v2\/posts\/31622\/revisions\/31627"}],"wp:attachment":[{"href":"https:\/\/eurocomach.sampierana.com\/fr\/wp-json\/wp\/v2\/media?parent=31622"}],"wp:term":[{"taxonomy":"category","embeddable":true,"href":"https:\/\/eurocomach.sampierana.com\/fr\/wp-json\/wp\/v2\/categories?post=31622"},{"taxonomy":"post_tag","embeddable":true,"href":"https:\/\/eurocomach.sampierana.com\/fr\/wp-json\/wp\/v2\/tags?post=31622"}],"curies":[{"name":"wp","href":"https:\/\/api.w.org\/{rel}","templated":true}]}}