{"id":30673,"date":"2026-03-17T13:57:35","date_gmt":"2026-03-17T13:57:35","guid":{"rendered":"https:\/\/eurocomach.sampierana.com\/?p=30673"},"modified":"2026-03-17T14:00:03","modified_gmt":"2026-03-17T14:00:03","slug":"croissance-des-talents-mondiaux-rafael-renno-et-lelectronique-du-futur","status":"publish","type":"post","link":"https:\/\/eurocomach.sampierana.com\/fr\/croissance-des-talents-mondiaux-rafael-renno-et-lelectronique-du-futur\/","title":{"rendered":"Croissance des Talents Mondiaux : Rafael Renno et l&#8217;\u00c9lectronique du Futur"},"content":{"rendered":"\n<div class=\"wp-block-columns is-layout-flex wp-container-core-columns-is-layout-9d6595d7 wp-block-columns-is-layout-flex\">\n<div class=\"wp-block-column is-layout-flow wp-block-column-is-layout-flow\" style=\"flex-basis:20%\"><\/div>\n\n\n\n<div class=\"wp-block-column is-layout-flow wp-block-column-is-layout-flow\" style=\"flex-basis:60%\">\n<h2 class=\"wp-block-heading\">Le CE PD Master Program : le t\u00e9moignage de Rafael<\/h2>\n\n\n\n<div style=\"height:25px\" aria-hidden=\"true\" class=\"wp-block-spacer\"><\/div>\n\n\n\n<p>Apr\u00e8s avoir explor\u00e9 l&#8217;exp\u00e9rience de Rubia Pimenta, nous poursuivons notre voyage au sein du <strong>CE PD Master Program de CNH<\/strong> avec le t\u00e9moignage de <strong>Rafael Renno<\/strong>, System Engineer. Rafael nous emm\u00e8ne au c\u0153ur technologique de l&#8217;entreprise, en se sp\u00e9cialisant dans l&#8217;\u00e9lectronique et les logiciels pour v\u00e9hicules, avec un fort accent sur les technologies d&#8217;avant-garde.<\/p>\n\n\n\n<p>Sa <strong>Job Rotation<\/strong> internationale \u00e9tait bas\u00e9e \u00e0 <strong>Turin<\/strong>, hub strat\u00e9gique pour l&#8217;innovation, mais elle lui a \u00e9galement offert l&#8217;opportunit\u00e9 de collaborer \u00e9troitement avec l&#8217;\u00e9quipe de <strong>Lecce<\/strong>. Cela a cr\u00e9\u00e9 un pont direct entre les diff\u00e9rents centres d&#8217;excellence italiens de CNH, acc\u00e9l\u00e9rant significativement sa croissance professionnelle.<\/p>\n\n\n\n<p><\/p>\n\n\n\n<p><p><strong>Q : Rafael, comment a commenc\u00e9 ton parcours avec CNH et ce programme de Master ?<\/strong><\/p><\/p>\n\n\n\n<p>Je suis dipl\u00f4m\u00e9 en <strong>g\u00e9nie \u00e9lectrique<\/strong> et j&#8217;avais d\u00e9j\u00e0 effectu\u00e9 mon stage dans le secteur des engins de chantier. Je savais \u00e0 quel point CNH \u00e9tait une grande entreprise et quel \u00e9tait son impact sur le march\u00e9, j&#8217;ai donc tout de suite voulu en faire partie. Quand j&#8217;ai entendu parler du programme <strong>CE PD Master<\/strong> lors d&#8217;un direct sur <strong>YouTube<\/strong> \u2013 en particulier de la possibilit\u00e9 d&#8217;obtenir une sp\u00e9cialisation avanc\u00e9e en technologie et de la rotation mondiale \u2013 j&#8217;ai su que je devais postuler.<\/p>\n\n\n\n<figure class=\"wp-block-image size-full\"><img loading=\"lazy\" decoding=\"async\" width=\"780\" height=\"570\" src=\"https:\/\/eurocomach.sampierana.com\/wp-content\/uploads\/sites\/7\/2026\/03\/immagine-33-1.png\" alt=\"\" class=\"wp-image-30725\" srcset=\"https:\/\/eurocomach.sampierana.com\/wp-content\/uploads\/sites\/7\/2026\/03\/immagine-33-1.png 780w, https:\/\/eurocomach.sampierana.com\/wp-content\/uploads\/sites\/7\/2026\/03\/immagine-33-1-300x219.png 300w, https:\/\/eurocomach.sampierana.com\/wp-content\/uploads\/sites\/7\/2026\/03\/immagine-33-1-768x561.png 768w\" sizes=\"auto, (max-width: 780px) 100vw, 780px\" \/><\/figure>\n\n\n\n<p><strong>Q : Quelle a \u00e9t\u00e9 pour toi la partie la plus pr\u00e9cieuse de la Job Rotation ?<\/strong><\/p>\n\n\n\n<p>Avoir une vision plus large du <strong>d\u00e9veloppement <\/strong>du <strong>produit<\/strong>.<\/p>\n\n\n\n<blockquote class=\"wp-block-quote is-layout-flow wp-block-quote-is-layout-flow\">\n<blockquote class=\"wp-block-quote is-layout-flow wp-block-quote-is-layout-flow\">\n<p class=\"has-background\" style=\"background-color:#f3f3f3\"><em>Nous avons effectu\u00e9 des rotations entre l&#8217;<strong>ing\u00e9nierie<\/strong>, la <strong>validation<\/strong> du produit et les <strong>plateformes<\/strong>. Comprendre comment une action en ing\u00e9nierie influence la plateforme ou le processus de validation est essentiel. Cela aide \u00e0 voir la \u00ab <strong>big picture<\/strong> \u00bb (vue d&#8217;ensemble) de la mani\u00e8re dont une machine est d\u00e9velopp\u00e9e.<\/em><\/p>\n<\/blockquote>\n<\/blockquote>\n\n\n\n<div style=\"height:25px\" aria-hidden=\"true\" class=\"wp-block-spacer\"><\/div>\n\n\n\n<h2 class=\"wp-block-heading\">Turin et Lecce : la culture du dialogue<\/h2>\n\n\n\n<div class=\"wp-block-columns is-layout-flex wp-container-core-columns-is-layout-9d6595d7 wp-block-columns-is-layout-flex\">\n<div class=\"wp-block-column is-layout-flow wp-block-column-is-layout-flow\">\n<p><strong>Q : Tu as pass\u00e9 du temps \u00e0 Turin et \u00e0 Lecce. Qu&#8217;as-tu appris de la culture de travail italienne ?<\/strong><\/p>\n\n\n\n<p>C&#8217;\u00e9tait un grand \u00e9change culturel. J&#8217;ai remarqu\u00e9 la mani\u00e8re dont les Italiens abordent les probl\u00e8mes : ils peuvent \u00eatre tr\u00e8s \u00e9nergiques et passionn\u00e9s lors d&#8217;une r\u00e9union en discutant d&#8217;un probl\u00e8me, mais d\u00e8s qu&#8217;elle se termine, ils redeviennent amis et vont prendre un caf\u00e9 ensemble. Je pense que cette capacit\u00e9 \u00e0 discuter intens\u00e9ment tout en restant des coll\u00e8gues soud\u00e9s est une grande qualit\u00e9 \u00e0 rapporter au Br\u00e9sil.<\/p>\n\n\n\n<p><strong>Q : D&#8217;un point de vue technique, quels ont \u00e9t\u00e9 les points marquants de ton exp\u00e9rience en Italie ?<\/strong><\/p>\n\n\n\n<p>Au Br\u00e9sil, les cours universitaires nous ont expos\u00e9s \u00e0 des <strong>technologies d&#8217;avant-garde<\/strong> telles que le <strong>machine learning<\/strong> et <strong>l&#8217;\u00e9lectrification<\/strong>. Ici en Italie, j&#8217;ai rejoint l&#8217;\u00e9quipe d&#8217;\u00c9lectronique du V\u00e9hicule. Passer du temps avec eux \u00e0 Lecce a consid\u00e9rablement acc\u00e9l\u00e9r\u00e9 mon apprentissage. J&#8217;ai pu approfondir <strong>l&#8217;int\u00e9gration \u00e9lectronique<\/strong> et le <strong>d\u00e9veloppement de logiciels<\/strong>, qui repr\u00e9sentent l&#8217;avenir de notre secteur.<\/p>\n<\/div>\n\n\n\n<div class=\"wp-block-column is-layout-flow wp-block-column-is-layout-flow\">\n<figure class=\"wp-block-image size-large\"><img loading=\"lazy\" decoding=\"async\" width=\"1024\" height=\"680\" src=\"https:\/\/eurocomach.sampierana.com\/wp-content\/uploads\/sites\/7\/2026\/03\/Rubia-Pimenta-CE-PD-Program-1024x680.webp\" alt=\"\" class=\"wp-image-30648\" srcset=\"https:\/\/eurocomach.sampierana.com\/wp-content\/uploads\/sites\/7\/2026\/03\/Rubia-Pimenta-CE-PD-Program-1024x680.webp 1024w, https:\/\/eurocomach.sampierana.com\/wp-content\/uploads\/sites\/7\/2026\/03\/Rubia-Pimenta-CE-PD-Program-300x199.webp 300w, https:\/\/eurocomach.sampierana.com\/wp-content\/uploads\/sites\/7\/2026\/03\/Rubia-Pimenta-CE-PD-Program-768x510.webp 768w, https:\/\/eurocomach.sampierana.com\/wp-content\/uploads\/sites\/7\/2026\/03\/Rubia-Pimenta-CE-PD-Program.webp 1280w\" sizes=\"auto, (max-width: 1024px) 100vw, 1024px\" \/><\/figure>\n<\/div>\n<\/div>\n\n\n\n<h2 class=\"wp-block-heading\">Le bagage de l&#8217;exp\u00e9rience<\/h2>\n\n\n\n<p><strong>Q : Quelles sont tes r\u00e9flexions finales sur ce voyage ?<\/strong><\/p>\n\n\n\n<p>Ce Master a \u00e9t\u00e9 une exp\u00e9rience incroyable. Des rotations internes dans les diff\u00e9rentes \u00e9tapes du d\u00e9veloppement produit aux cours acad\u00e9miques et, enfin, \u00e0 cette rotation mondiale en Italie : c&#8217;\u00e9tait fantastique. Je suis vraiment reconnaissant pour cette opportunit\u00e9 gigantesque.<\/p>\n\n\n\n<p><strong>Q : Quel sera ton objectif personnel au Br\u00e9sil ?<\/strong><\/p>\n\n\n\n<p>Mon objectif est di devenir un <strong>point <\/strong>de <strong>r\u00e9f\u00e9rence <\/strong>pour <strong>l&#8217;\u00e9lectronique <\/strong>des <strong>v\u00e9hicules <\/strong>dans notre usine de Contagem. \u00c9tant actuellement le seul membre de cette \u00e9quipe sp\u00e9cifique au Br\u00e9sil, je veux utiliser le \u00ab bagage \u00bb de connaissances acquises en Italie pour piloter de nouvelles solutions. Le march\u00e9 \u00e9volue in\u00e9vitablement vers des machines \u00e9lectroniques et \u00e9lectriques, et je veux \u00eatre pr\u00eat \u00e0 changer la mentalit\u00e9 des op\u00e9rateurs gr\u00e2ce \u00e0 ces nouvelles technologies.<\/p>\n<\/div>\n\n\n\n<div class=\"wp-block-column is-layout-flow wp-block-column-is-layout-flow\" style=\"flex-basis:20%\"><\/div>\n<\/div>\n","protected":false},"excerpt":{"rendered":"<p>Le CE PD Master Program : le t\u00e9moignage de Rafael Apr\u00e8s avoir explor\u00e9 l&#8217;exp\u00e9rience de Rubia Pimenta, nous poursuivons notre voyage au sein du CE PD Master Program de CNH avec le t\u00e9moignage de Rafael Renno, System Engineer. Rafael nous emm\u00e8ne au c\u0153ur technologique de l&#8217;entreprise, en se sp\u00e9cialisant dans l&#8217;\u00e9lectronique et les logiciels pour [&hellip;]<\/p>\n","protected":false},"author":9,"featured_media":0,"comment_status":"closed","ping_status":"closed","sticky":false,"template":"","format":"standard","meta":{"_breakdance_hide_in_design_set":false,"_breakdance_tags":"","footnotes":""},"categories":[72],"tags":[93,109,92,96],"class_list":["post-30673","post","type-post","status-publish","format-standard","hentry","category-people-life-fr","tag-cnh-fr","tag-cnhindustrial-fr","tag-eurocomach-fr","tag-mini-pelles-electriques"],"yoast_head":"<!-- This site is optimized with the Yoast SEO plugin v26.3 - https:\/\/yoast.com\/wordpress\/plugins\/seo\/ -->\n<title>Croissance des Talents Mondiaux : Rafael Renno et l&#039;\u00c9lectronique du Futur<\/title>\n<meta name=\"description\" content=\"Rafael Renno, participant au programme Master CE PD, nous raconte son exp\u00e9rience de Job Rotation en Italie sur i les sites de Turin et de Lecce.\" \/>\n<meta name=\"robots\" content=\"index, follow, max-snippet:-1, max-image-preview:large, max-video-preview:-1\" \/>\n<link rel=\"canonical\" href=\"https:\/\/eurocomach.sampierana.com\/fr\/croissance-des-talents-mondiaux-rafael-renno-et-lelectronique-du-futur\/\" \/>\n<meta property=\"og:locale\" content=\"fr_FR\" \/>\n<meta property=\"og:type\" content=\"article\" \/>\n<meta property=\"og:title\" content=\"Croissance des Talents Mondiaux : Rafael Renno et l&#039;\u00c9lectronique du Futur\" \/>\n<meta property=\"og:description\" content=\"Rafael Renno, participant au programme Master CE PD, nous raconte son exp\u00e9rience de Job Rotation en Italie sur i les sites de Turin et de Lecce.\" \/>\n<meta property=\"og:url\" content=\"https:\/\/eurocomach.sampierana.com\/fr\/croissance-des-talents-mondiaux-rafael-renno-et-lelectronique-du-futur\/\" \/>\n<meta property=\"og:site_name\" content=\"Eurocomach Machines\" \/>\n<meta property=\"article:published_time\" content=\"2026-03-17T13:57:35+00:00\" \/>\n<meta property=\"article:modified_time\" content=\"2026-03-17T14:00:03+00:00\" \/>\n<meta property=\"og:image\" content=\"https:\/\/eurocomach.sampierana.com\/wp-content\/uploads\/sites\/7\/2026\/03\/immagine-33-1.png\" \/>\n\t<meta property=\"og:image:width\" content=\"780\" \/>\n\t<meta property=\"og:image:height\" content=\"570\" \/>\n\t<meta property=\"og:image:type\" content=\"image\/png\" \/>\n<meta name=\"author\" content=\"dellamonicasara\" \/>\n<meta name=\"twitter:card\" content=\"summary_large_image\" \/>\n<meta name=\"twitter:label1\" content=\"Written by\" \/>\n\t<meta name=\"twitter:data1\" content=\"dellamonicasara\" \/>\n\t<meta name=\"twitter:label2\" content=\"Est. reading time\" \/>\n\t<meta name=\"twitter:data2\" content=\"3 minutes\" \/>\n<script type=\"application\/ld+json\" class=\"yoast-schema-graph\">{\"@context\":\"https:\/\/schema.org\",\"@graph\":[{\"@type\":\"Article\",\"@id\":\"https:\/\/eurocomach.sampierana.com\/fr\/croissance-des-talents-mondiaux-rafael-renno-et-lelectronique-du-futur\/#article\",\"isPartOf\":{\"@id\":\"https:\/\/eurocomach.sampierana.com\/fr\/croissance-des-talents-mondiaux-rafael-renno-et-lelectronique-du-futur\/\"},\"author\":{\"name\":\"dellamonicasara\",\"@id\":\"https:\/\/eurocomach.sampierana.com\/fr\/#\/schema\/person\/a3d90b81acd39762fd43bea8e7208c97\"},\"headline\":\"Croissance des Talents Mondiaux : Rafael Renno et l&#8217;\u00c9lectronique du Futur\",\"datePublished\":\"2026-03-17T13:57:35+00:00\",\"dateModified\":\"2026-03-17T14:00:03+00:00\",\"mainEntityOfPage\":{\"@id\":\"https:\/\/eurocomach.sampierana.com\/fr\/croissance-des-talents-mondiaux-rafael-renno-et-lelectronique-du-futur\/\"},\"wordCount\":663,\"publisher\":{\"@id\":\"https:\/\/eurocomach.sampierana.com\/fr\/#organization\"},\"image\":{\"@id\":\"https:\/\/eurocomach.sampierana.com\/fr\/croissance-des-talents-mondiaux-rafael-renno-et-lelectronique-du-futur\/#primaryimage\"},\"thumbnailUrl\":\"https:\/\/eurocomach.sampierana.com\/wp-content\/uploads\/sites\/7\/2026\/03\/immagine-33-1.png\",\"keywords\":[\"CNH\",\"cnhindustrial\",\"eurocomach\",\"Mini pelles \u00e9lectriques\"],\"articleSection\":[\"People &amp; Life\"],\"inLanguage\":\"fr\"},{\"@type\":\"WebPage\",\"@id\":\"https:\/\/eurocomach.sampierana.com\/fr\/croissance-des-talents-mondiaux-rafael-renno-et-lelectronique-du-futur\/\",\"url\":\"https:\/\/eurocomach.sampierana.com\/fr\/croissance-des-talents-mondiaux-rafael-renno-et-lelectronique-du-futur\/\",\"name\":\"Croissance des Talents Mondiaux : Rafael Renno et l'\u00c9lectronique du Futur\",\"isPartOf\":{\"@id\":\"https:\/\/eurocomach.sampierana.com\/fr\/#website\"},\"primaryImageOfPage\":{\"@id\":\"https:\/\/eurocomach.sampierana.com\/fr\/croissance-des-talents-mondiaux-rafael-renno-et-lelectronique-du-futur\/#primaryimage\"},\"image\":{\"@id\":\"https:\/\/eurocomach.sampierana.com\/fr\/croissance-des-talents-mondiaux-rafael-renno-et-lelectronique-du-futur\/#primaryimage\"},\"thumbnailUrl\":\"https:\/\/eurocomach.sampierana.com\/wp-content\/uploads\/sites\/7\/2026\/03\/immagine-33-1.png\",\"datePublished\":\"2026-03-17T13:57:35+00:00\",\"dateModified\":\"2026-03-17T14:00:03+00:00\",\"description\":\"Rafael Renno, participant au programme Master CE PD, nous raconte son exp\u00e9rience de Job Rotation en Italie sur i les sites de Turin et de Lecce.\",\"breadcrumb\":{\"@id\":\"https:\/\/eurocomach.sampierana.com\/fr\/croissance-des-talents-mondiaux-rafael-renno-et-lelectronique-du-futur\/#breadcrumb\"},\"inLanguage\":\"fr\",\"potentialAction\":[{\"@type\":\"ReadAction\",\"target\":[\"https:\/\/eurocomach.sampierana.com\/fr\/croissance-des-talents-mondiaux-rafael-renno-et-lelectronique-du-futur\/\"]}]},{\"@type\":\"ImageObject\",\"inLanguage\":\"fr\",\"@id\":\"https:\/\/eurocomach.sampierana.com\/fr\/croissance-des-talents-mondiaux-rafael-renno-et-lelectronique-du-futur\/#primaryimage\",\"url\":\"https:\/\/eurocomach.sampierana.com\/wp-content\/uploads\/sites\/7\/2026\/03\/immagine-33-1.png\",\"contentUrl\":\"https:\/\/eurocomach.sampierana.com\/wp-content\/uploads\/sites\/7\/2026\/03\/immagine-33-1.png\"},{\"@type\":\"BreadcrumbList\",\"@id\":\"https:\/\/eurocomach.sampierana.com\/fr\/croissance-des-talents-mondiaux-rafael-renno-et-lelectronique-du-futur\/#breadcrumb\",\"itemListElement\":[{\"@type\":\"ListItem\",\"position\":1,\"name\":\"Home\",\"item\":\"https:\/\/eurocomach.sampierana.com\/fr\/\"},{\"@type\":\"ListItem\",\"position\":2,\"name\":\"Croissance des Talents Mondiaux : Rafael Renno et l&#8217;\u00c9lectronique du Futur\"}]},{\"@type\":\"WebSite\",\"@id\":\"https:\/\/eurocomach.sampierana.com\/fr\/#website\",\"url\":\"https:\/\/eurocomach.sampierana.com\/fr\/\",\"name\":\"Eurocomach Machines\",\"description\":\"Concrete Solutions Always\",\"publisher\":{\"@id\":\"https:\/\/eurocomach.sampierana.com\/fr\/#organization\"},\"potentialAction\":[{\"@type\":\"SearchAction\",\"target\":{\"@type\":\"EntryPoint\",\"urlTemplate\":\"https:\/\/eurocomach.sampierana.com\/fr\/?s={search_term_string}\"},\"query-input\":{\"@type\":\"PropertyValueSpecification\",\"valueRequired\":true,\"valueName\":\"search_term_string\"}}],\"inLanguage\":\"fr\"},{\"@type\":\"Organization\",\"@id\":\"https:\/\/eurocomach.sampierana.com\/fr\/#organization\",\"name\":\"Eurocomach machines\",\"url\":\"https:\/\/eurocomach.sampierana.com\/fr\/\",\"logo\":{\"@type\":\"ImageObject\",\"inLanguage\":\"fr\",\"@id\":\"https:\/\/eurocomach.sampierana.com\/fr\/#\/schema\/logo\/image\/\",\"url\":\"https:\/\/eurocomach.sampierana.com\/wp-content\/uploads\/sites\/7\/2025\/10\/logo-eurocomach.png\",\"contentUrl\":\"https:\/\/eurocomach.sampierana.com\/wp-content\/uploads\/sites\/7\/2025\/10\/logo-eurocomach.png\",\"width\":332,\"height\":152,\"caption\":\"Eurocomach machines\"},\"image\":{\"@id\":\"https:\/\/eurocomach.sampierana.com\/fr\/#\/schema\/logo\/image\/\"}},{\"@type\":\"Person\",\"@id\":\"https:\/\/eurocomach.sampierana.com\/fr\/#\/schema\/person\/a3d90b81acd39762fd43bea8e7208c97\",\"name\":\"dellamonicasara\"}]}<\/script>\n<!-- \/ Yoast SEO plugin. -->","yoast_head_json":{"title":"Croissance des Talents Mondiaux : Rafael Renno et l'\u00c9lectronique du Futur","description":"Rafael Renno, participant au programme Master CE PD, nous raconte son exp\u00e9rience de Job Rotation en Italie sur i les sites de Turin et de Lecce.","robots":{"index":"index","follow":"follow","max-snippet":"max-snippet:-1","max-image-preview":"max-image-preview:large","max-video-preview":"max-video-preview:-1"},"canonical":"https:\/\/eurocomach.sampierana.com\/fr\/croissance-des-talents-mondiaux-rafael-renno-et-lelectronique-du-futur\/","og_locale":"fr_FR","og_type":"article","og_title":"Croissance des Talents Mondiaux : Rafael Renno et l'\u00c9lectronique du Futur","og_description":"Rafael Renno, participant au programme Master CE PD, nous raconte son exp\u00e9rience de Job Rotation en Italie sur i les sites de Turin et de Lecce.","og_url":"https:\/\/eurocomach.sampierana.com\/fr\/croissance-des-talents-mondiaux-rafael-renno-et-lelectronique-du-futur\/","og_site_name":"Eurocomach Machines","article_published_time":"2026-03-17T13:57:35+00:00","article_modified_time":"2026-03-17T14:00:03+00:00","og_image":[{"width":780,"height":570,"url":"https:\/\/eurocomach.sampierana.com\/wp-content\/uploads\/sites\/7\/2026\/03\/immagine-33-1.png","type":"image\/png"}],"author":"dellamonicasara","twitter_card":"summary_large_image","twitter_misc":{"Written by":"dellamonicasara","Est. reading time":"3 minutes"},"schema":{"@context":"https:\/\/schema.org","@graph":[{"@type":"Article","@id":"https:\/\/eurocomach.sampierana.com\/fr\/croissance-des-talents-mondiaux-rafael-renno-et-lelectronique-du-futur\/#article","isPartOf":{"@id":"https:\/\/eurocomach.sampierana.com\/fr\/croissance-des-talents-mondiaux-rafael-renno-et-lelectronique-du-futur\/"},"author":{"name":"dellamonicasara","@id":"https:\/\/eurocomach.sampierana.com\/fr\/#\/schema\/person\/a3d90b81acd39762fd43bea8e7208c97"},"headline":"Croissance des Talents Mondiaux : Rafael Renno et l&#8217;\u00c9lectronique du Futur","datePublished":"2026-03-17T13:57:35+00:00","dateModified":"2026-03-17T14:00:03+00:00","mainEntityOfPage":{"@id":"https:\/\/eurocomach.sampierana.com\/fr\/croissance-des-talents-mondiaux-rafael-renno-et-lelectronique-du-futur\/"},"wordCount":663,"publisher":{"@id":"https:\/\/eurocomach.sampierana.com\/fr\/#organization"},"image":{"@id":"https:\/\/eurocomach.sampierana.com\/fr\/croissance-des-talents-mondiaux-rafael-renno-et-lelectronique-du-futur\/#primaryimage"},"thumbnailUrl":"https:\/\/eurocomach.sampierana.com\/wp-content\/uploads\/sites\/7\/2026\/03\/immagine-33-1.png","keywords":["CNH","cnhindustrial","eurocomach","Mini pelles \u00e9lectriques"],"articleSection":["People &amp; Life"],"inLanguage":"fr"},{"@type":"WebPage","@id":"https:\/\/eurocomach.sampierana.com\/fr\/croissance-des-talents-mondiaux-rafael-renno-et-lelectronique-du-futur\/","url":"https:\/\/eurocomach.sampierana.com\/fr\/croissance-des-talents-mondiaux-rafael-renno-et-lelectronique-du-futur\/","name":"Croissance des Talents Mondiaux : Rafael Renno et l'\u00c9lectronique du Futur","isPartOf":{"@id":"https:\/\/eurocomach.sampierana.com\/fr\/#website"},"primaryImageOfPage":{"@id":"https:\/\/eurocomach.sampierana.com\/fr\/croissance-des-talents-mondiaux-rafael-renno-et-lelectronique-du-futur\/#primaryimage"},"image":{"@id":"https:\/\/eurocomach.sampierana.com\/fr\/croissance-des-talents-mondiaux-rafael-renno-et-lelectronique-du-futur\/#primaryimage"},"thumbnailUrl":"https:\/\/eurocomach.sampierana.com\/wp-content\/uploads\/sites\/7\/2026\/03\/immagine-33-1.png","datePublished":"2026-03-17T13:57:35+00:00","dateModified":"2026-03-17T14:00:03+00:00","description":"Rafael Renno, participant au programme Master CE PD, nous raconte son exp\u00e9rience de Job Rotation en Italie sur i les sites de Turin et de Lecce.","breadcrumb":{"@id":"https:\/\/eurocomach.sampierana.com\/fr\/croissance-des-talents-mondiaux-rafael-renno-et-lelectronique-du-futur\/#breadcrumb"},"inLanguage":"fr","potentialAction":[{"@type":"ReadAction","target":["https:\/\/eurocomach.sampierana.com\/fr\/croissance-des-talents-mondiaux-rafael-renno-et-lelectronique-du-futur\/"]}]},{"@type":"ImageObject","inLanguage":"fr","@id":"https:\/\/eurocomach.sampierana.com\/fr\/croissance-des-talents-mondiaux-rafael-renno-et-lelectronique-du-futur\/#primaryimage","url":"https:\/\/eurocomach.sampierana.com\/wp-content\/uploads\/sites\/7\/2026\/03\/immagine-33-1.png","contentUrl":"https:\/\/eurocomach.sampierana.com\/wp-content\/uploads\/sites\/7\/2026\/03\/immagine-33-1.png"},{"@type":"BreadcrumbList","@id":"https:\/\/eurocomach.sampierana.com\/fr\/croissance-des-talents-mondiaux-rafael-renno-et-lelectronique-du-futur\/#breadcrumb","itemListElement":[{"@type":"ListItem","position":1,"name":"Home","item":"https:\/\/eurocomach.sampierana.com\/fr\/"},{"@type":"ListItem","position":2,"name":"Croissance des Talents Mondiaux : Rafael Renno et l&#8217;\u00c9lectronique du Futur"}]},{"@type":"WebSite","@id":"https:\/\/eurocomach.sampierana.com\/fr\/#website","url":"https:\/\/eurocomach.sampierana.com\/fr\/","name":"Eurocomach Machines","description":"Concrete Solutions Always","publisher":{"@id":"https:\/\/eurocomach.sampierana.com\/fr\/#organization"},"potentialAction":[{"@type":"SearchAction","target":{"@type":"EntryPoint","urlTemplate":"https:\/\/eurocomach.sampierana.com\/fr\/?s={search_term_string}"},"query-input":{"@type":"PropertyValueSpecification","valueRequired":true,"valueName":"search_term_string"}}],"inLanguage":"fr"},{"@type":"Organization","@id":"https:\/\/eurocomach.sampierana.com\/fr\/#organization","name":"Eurocomach machines","url":"https:\/\/eurocomach.sampierana.com\/fr\/","logo":{"@type":"ImageObject","inLanguage":"fr","@id":"https:\/\/eurocomach.sampierana.com\/fr\/#\/schema\/logo\/image\/","url":"https:\/\/eurocomach.sampierana.com\/wp-content\/uploads\/sites\/7\/2025\/10\/logo-eurocomach.png","contentUrl":"https:\/\/eurocomach.sampierana.com\/wp-content\/uploads\/sites\/7\/2025\/10\/logo-eurocomach.png","width":332,"height":152,"caption":"Eurocomach machines"},"image":{"@id":"https:\/\/eurocomach.sampierana.com\/fr\/#\/schema\/logo\/image\/"}},{"@type":"Person","@id":"https:\/\/eurocomach.sampierana.com\/fr\/#\/schema\/person\/a3d90b81acd39762fd43bea8e7208c97","name":"dellamonicasara"}]}},"_links":{"self":[{"href":"https:\/\/eurocomach.sampierana.com\/fr\/wp-json\/wp\/v2\/posts\/30673","targetHints":{"allow":["GET"]}}],"collection":[{"href":"https:\/\/eurocomach.sampierana.com\/fr\/wp-json\/wp\/v2\/posts"}],"about":[{"href":"https:\/\/eurocomach.sampierana.com\/fr\/wp-json\/wp\/v2\/types\/post"}],"author":[{"embeddable":true,"href":"https:\/\/eurocomach.sampierana.com\/fr\/wp-json\/wp\/v2\/users\/9"}],"replies":[{"embeddable":true,"href":"https:\/\/eurocomach.sampierana.com\/fr\/wp-json\/wp\/v2\/comments?post=30673"}],"version-history":[{"count":3,"href":"https:\/\/eurocomach.sampierana.com\/fr\/wp-json\/wp\/v2\/posts\/30673\/revisions"}],"predecessor-version":[{"id":30730,"href":"https:\/\/eurocomach.sampierana.com\/fr\/wp-json\/wp\/v2\/posts\/30673\/revisions\/30730"}],"wp:attachment":[{"href":"https:\/\/eurocomach.sampierana.com\/fr\/wp-json\/wp\/v2\/media?parent=30673"}],"wp:term":[{"taxonomy":"category","embeddable":true,"href":"https:\/\/eurocomach.sampierana.com\/fr\/wp-json\/wp\/v2\/categories?post=30673"},{"taxonomy":"post_tag","embeddable":true,"href":"https:\/\/eurocomach.sampierana.com\/fr\/wp-json\/wp\/v2\/tags?post=30673"}],"curies":[{"name":"wp","href":"https:\/\/api.w.org\/{rel}","templated":true}]}}