{"id":26470,"date":"2025-07-11T13:26:07","date_gmt":"2025-07-11T13:26:07","guid":{"rendered":"https:\/\/eurocomach.sampierana.com\/?p=26470"},"modified":"2025-07-11T13:26:27","modified_gmt":"2025-07-11T13:26:27","slug":"la-valeur-ajoutee-des-femmes-le-temoignage-de-patrizia","status":"publish","type":"post","link":"https:\/\/eurocomach.sampierana.com\/fr\/la-valeur-ajoutee-des-femmes-le-temoignage-de-patrizia\/","title":{"rendered":"La valeur ajout\u00e9e des femmes : le t\u00e9moignage de Patrizia"},"content":{"rendered":"\n<p>Il y a de nombreux visages f\u00e9minins chez Sampierana, et cela en soi est une source de fiert\u00e9 pour nous. Il y en a cependant un qui se distingue parmi toutes, peut-\u00eatre en raison de son r\u00f4le commercial ou peut-\u00eatre parce que, lorsque Patrizia parle d&#8217;excavatrices, elle parvient \u00e0 les expliquer avec une simplicit\u00e9 et un enthousiasme d\u00e9sarmants. Il nous a fallu deux ans pour la convaincre, mais nous avons finalement r\u00e9ussi \u00e0 l&#8217;interviewer et \u00e0 d\u00e9couvrir quand tout a commenc\u00e9.<\/p>\n\n\n\n<p><strong>Comment a commenc\u00e9 votre aventure professionnelle chez Sampierana?<\/strong><\/p>\n\n\n\n<blockquote class=\"wp-block-quote is-layout-flow wp-block-quote-is-layout-flow\"><p>C&#8217;\u00e9tait plus ou moins cette p\u00e9riode de l&#8217;ann\u00e9e, avril-mai, et l&#8217;ann\u00e9e \u00e9tait 1995. J&#8217;avais termin\u00e9 le lyc\u00e9e et je travaillais dans une entreprise \u00e0 Cesena, mais je ne me sentais pas satisfaite. \u00c0 ce moment-l\u00e0, j&#8217;ai appris qu&#8217;ils cherchaient une personne pour la r\u00e9ception ici \u00e0 Sampierana.<\/p><p> Je connaissais l&#8217;entreprise parce que j&#8217;ai grandi dans ces lieux. Quand je me suis pr\u00e9sent\u00e9e, ils m&#8217;ont demand\u00e9 si je connaissais un peu les langues, principalement l&#8217;anglais et le fran\u00e7ais. Sampierana \u00e9tait \u00e0 l&#8217;\u00e9poque une entreprise de 30 personnes et moi, fra\u00eechement sortie du lyc\u00e9e, j&#8217;ai dit oui sur-le-champ.<\/p><p>Cependant, apr\u00e8s quelques mois, j&#8217;ai eu l&#8217;opportunit\u00e9 de faire autre chose, c&#8217;est-\u00e0-dire d&#8217;entrer en contact avec les clients. <\/p><\/blockquote>\n\n\n\n<p><strong>Et c&#8217;est ainsi que l&#8217;aventure commerciale a commenc\u00e9 chez Sampierana.<\/strong><\/p>\n\n\n\n<blockquote class=\"wp-block-quote is-layout-flow wp-block-quote-is-layout-flow\"><p>Au d\u00e9but, je m&#8217;occupais de la gestion des commandes pour le march\u00e9 italien avec quelques timides approches du march\u00e9 export, principalement li\u00e9es aux contacts lors des foires dans les pays voisins (France, Espagne), toujours dans le domaine commercial.<\/p><p>Au d\u00e9part, je ne pensais pas rester, je pensais que j&#8217;irais \u00e0 l&#8217;universit\u00e9, que c&#8217;\u00e9tait une exp\u00e9rience temporaire, mais le contact avec le client m&#8217;a tout de suite enthousiasm\u00e9e et me voil\u00e0 encore ici.<\/p><\/blockquote>\n\n\n\n<p><strong>Quand avez-vous commenc\u00e9 \u00e0 voyager dans votre r\u00f4le de responsable commerciale internationale Eurocomach?<\/strong><\/p>\n\n\n\n<blockquote class=\"wp-block-quote is-layout-flow wp-block-quote-is-layout-flow\"><p>Le tournant est arriv\u00e9 apr\u00e8s de nombreuses ann\u00e9es de back-office et principalement avec la crise de 2009. Cette ann\u00e9e-l\u00e0, le march\u00e9 italien est entr\u00e9 en crise, nous avons cherch\u00e9 \u00e0 \u00e9tendre notre rayon d&#8217;action au-del\u00e0 de la P\u00e9ninsule et avons cherch\u00e9 des opportunit\u00e9s de travail partout. Nous sommes m\u00eame all\u00e9s en Australie et en Nouvelle-Z\u00e9lande. Il \u00e9tait indispensable d&#8217;\u00e9largir notre champ d&#8217;action pour continuer \u00e0 travailler et \u00e0 cro\u00eetre comme nous l&#8217;avions fait jusqu&#8217;alors.<\/p><\/blockquote>\n\n\n\n<p><strong>Quand vous avez commenc\u00e9, \u00e9tiez-vous l&#8217;une des rares figures f\u00e9minines dans l&#8217;entreprise ?<\/strong><\/p>\n\n\n\n<blockquote class=\"wp-block-quote is-layout-flow wp-block-quote-is-layout-flow\"><p>Oui, \u00e0 l&#8217;\u00e9poque, nous \u00e9tions peu nombreuses. Pour les r\u00f4les commerciaux, on recherchait principalement des figures masculines. D&#8217;ailleurs, le secteur du terrassement est majoritairement compos\u00e9 d&#8217;hommes. Cela ne signifie pas pour autant qu&#8217;il n&#8217;y ait pas de place pour les femmes qui veulent s&#8217;affirmer. Les clients potentiels, au d\u00e9but, \u00e9taient peut-\u00eatre un peu m\u00e9fiants ; <\/p><p>si vous \u00eates une femme, ils ont tendance \u00e0 vous mettre continuellement \u00e0 l&#8217;\u00e9preuve, et il faut donc gagner leur confiance. La confiance acquise, il faut ensuite la maintenir dans le temps, et pour cela, la pr\u00e9cision et la r\u00e9activit\u00e9 \u2013 des caract\u00e9ristiques peut-\u00eatre plus f\u00e9minines \u2013 que mes clients reconnaissent et appr\u00e9cient chez moi, sont absolument indispensables. <\/p><\/blockquote>\n\n\n\n<p><strong>Dans tout cela, quel est, selon toi, le plus grand accomplissement?<\/strong><\/p>\n\n\n\n<blockquote class=\"wp-block-quote is-layout-flow wp-block-quote-is-layout-flow\"><p>Quand on te demande ton avis, cela signifie que tu es devenue une r\u00e9f\u00e9rence. <\/p><\/blockquote>\n\n\n\n<p><strong>Question de rituel : comment as-tu appris \u00e0 conna\u00eetre les mini-pelles?<\/strong><\/p>\n\n\n\n<blockquote class=\"wp-block-quote is-layout-flow wp-block-quote-is-layout-flow\"><p>Nous avons acquis notre connaissance des mini-pelles sur le terrain, moi y compris. J&#8217;ai eu la chance de pouvoir apprendre les choses petit \u00e0 petit et aussi de voir la production, d&#8217;\u00e9changer avec les clients lors des salons. Peu \u00e0 peu, j&#8217;ai b\u00e2ti ma connaissance du produit qui, il faut le dire, m&#8217;a passionn\u00e9e, ce qui n&#8217;est pas un facteur secondaire. \u00c0 l&#8217;\u00e9poque, je descendais sur le terrain d&#8217;essai pr\u00e8s de l&#8217;entreprise, j&#8217;allumais la machine et j&#8217;aimais actionner les diff\u00e9rentes commandes.<\/p><p>Je crois que c&#8217;est ce qui m&#8217;a aid\u00e9e : la curiosit\u00e9 de comprendre le pourquoi des choses et le contact quotidien et direct avec le client.<\/p><\/blockquote>\n\n\n\n<p><strong>Pensez-vous qu&#8217;aujourd&#8217;hui, avec plus d&#8217;informations disponibles, ceux qui abordent les machines \u2013 qu&#8217;il s&#8217;agisse de commerciaux ou de techniciens \u2013 sont moins enclins \u00e0 les manipuler?<\/strong><\/p>\n\n\n\n<blockquote class=\"wp-block-quote is-layout-flow wp-block-quote-is-layout-flow\"><p>Oui, aujourd&#8217;hui, il y a vraiment une autre fa\u00e7on de voir les choses. Je reste sur mon id\u00e9e : toucher les choses de ses mains permet de mieux les comprendre. J&#8217;aimerais voir les jeunes aller au-del\u00e0 du simple fait d&#8217;\u00eatre devant un \u00e9cran, peut-\u00eatre les voir essayer de tester physiquement ces fameux AUX dont on parle toujours.<\/p><p><\/p><\/blockquote>\n\n\n\n<p><strong>Vous souvenez-vous quand Sampierana a commenc\u00e9 \u00e0 produire des mini-pelles?<\/strong><\/p>\n\n\n\n<blockquote class=\"wp-block-quote is-layout-flow wp-block-quote-is-layout-flow\"><p>Quand Eurocomach est n\u00e9e, elle ne fabriquait pas d&#8217;excavatrices, elle fabriquait des chargeuses-pelleteuses articul\u00e9es, un produit qui est devenu de moins en moins courant au fil du temps. Pour les pelles et les chargeuses compactes (ou skids), nous achetions initialement aupr\u00e8s de constructeurs japonais ou cor\u00e9ens.<\/p><p>Cependant, ces machines ne r\u00e9pondaient pas aux caract\u00e9ristiques du march\u00e9 italien et europ\u00e9en. En r\u00e9fl\u00e9chissant \u00e0 la mani\u00e8re de faire, lors d&#8217;une r\u00e9union, cette id\u00e9e est apparue : pourquoi ne pas fabriquer nous-m\u00eames les mini-pelles ? Nous avons essay\u00e9 de penser \u00e0 un premier mod\u00e8le de 5 tonnes. Le premier mod\u00e8le de mini-pelle Eurocomach enti\u00e8rement con\u00e7u et produit chez Sampierana fut le mod\u00e8le ES500ZT ; le responsable du projet \u00e9tait l&#8217;Ing\u00e9nieur Giuseppe Fabbri et la machine fut pr\u00e9sent\u00e9e lors d&#8217;un important salon du secteur, le SAIE de Bologne, en octobre 2004<\/p><\/blockquote>\n\n\n\n<img decoding=\"async\" style=\"max-width: 80%;height: auto\" src=\"https:\/\/eurocomach.sampierana.com\/wp-content\/uploads\/sites\/7\/2025\/07\/immagine-3.png\" alt=\"SAIE Bologna Eurocomach\">\n\n\n\n<p><strong>Et \u00e9tait-ce le premier que vous avez vendu?<\/strong><\/p>\n\n\n\n<blockquote class=\"wp-block-quote is-layout-flow wp-block-quote-is-layout-flow\"><p>Oui, ce fut le premier enti\u00e8rement fabriqu\u00e9 par nous, et c&#8217;\u00e9tait une machine magnifique, bien con\u00e7ue, performante et qui nous a donn\u00e9 beaucoup de satisfactions.<\/p><p> Cette premi\u00e8re unit\u00e9 devait nous faire comprendre si nous \u00e9tions sur la bonne voie. L&#8217;impact fut tr\u00e8s positif et \u00e0 partir de l\u00e0, nous avons compris que nous pouvions nous lancer toujours avec l&#8217;id\u00e9e de rester sur la ligne compacte et que nous devions investir davantage dans les mini-pelles plut\u00f4t que dans les chargeuses-pelleteuses.<\/p><\/blockquote>\n\n\n\n<p><strong>Aujourd&#8217;hui, parmi les produits Eurocomach, quels sont selon vous les plus solides?<\/strong><\/p>\n\n\n\n<blockquote class=\"wp-block-quote is-layout-flow wp-block-quote-is-layout-flow\"><p>Le march\u00e9 est dans un moment particulier, mais \u00e0 mon avis, la gamme des petites mini-pelles de 1 \u00e0 2 tonnes a plus de potentiel et r\u00e9pond mieux aux besoins du march\u00e9, et puis je continue d&#8217;avoir une grande confiance dans les bras triples, dans les TR ; si vous parvenez \u00e0 faire comprendre au client la validit\u00e9 du produit,il n&#8217;y a pas de concurrence<\/p><p>M\u00eame pour les 8-10 TON avec la nouvelle \u00e9lectronique, la r\u00e9ponse a \u00e9t\u00e9 positive. <\/p><\/blockquote>\n\n\n\n<p><strong>Depuis combien d&#8217;ann\u00e9es travaillez-vous chez Sampierana? <\/strong><\/p>\n\n\n\n<blockquote class=\"wp-block-quote is-layout-flow wp-block-quote-is-layout-flow\"><p>Je suis chez Sampierana depuis 30 ans.<\/p><\/blockquote>\n\n\n\n<p><strong>Si vous deviez vous attendre \u00e0 quelque chose de nouveau dans votre futur chez Sampierana, qu&#8217;attendriez-vous?  <\/strong><\/p>\n\n\n\n<blockquote class=\"wp-block-quote is-layout-flow wp-block-quote-is-layout-flow\"><p>Selon moi, Sampierana en tant qu&#8217;entreprise a un potentiel et des caract\u00e9ristiques importants pour continuer \u00e0 produire pendant de nombreuses ann\u00e9es. Gr\u00e2ce \u00e0 CNH, les lignes ont \u00e9t\u00e9 renforc\u00e9es et tout a \u00e9t\u00e9 organis\u00e9 si bien que je vois une grande capacit\u00e9 de production ; il est clair que les machines doivent cependant \u00eatre vendues, et il y a beaucoup \u00e0 faire ici, la concurrence est f\u00e9roce.<\/p><\/blockquote>\n\n\n\n<img decoding=\"async\" style=\"max-width: 80%;height: auto\" src=\"https:\/\/eurocomach.sampierana.com\/wp-content\/uploads\/sites\/7\/2025\/07\/Progetto-senza-titolo-9-2.jpg\" alt=\"Patrizia Sampierana Peter Garrit\">\n\n\n\n<p><strong>Avant de prendre votre retraite, seriez-vous heureuse de voir une autre Patrizia chez Sampierana ?<\/strong><\/p>\n\n\n\n<blockquote class=\"wp-block-quote is-layout-flow wp-block-quote-is-layout-flow\"><p>e serais ravie si certaines des filles se lan\u00e7aient du point de vue commercial. Je comprends aussi que ce ne soit pas simple, car le r\u00f4le commercial classique implique d&#8217;\u00eatre \u00e0 l&#8217;ext\u00e9rieur, de faire des d\u00e9placements, et cela peut \u00eatre difficile \u00e0 concilier avec la vie de famille. Parfois, cependant, il suffit de faire une premi\u00e8re tentative, presque par hasard comme ce fut le cas pour moi, et tout peut arriver !<\/p><\/blockquote>\n","protected":false},"excerpt":{"rendered":"<p>Il y a de nombreux visages f\u00e9minins chez Sampierana, et cela en soi est une source de fiert\u00e9 pour nous. Il y en a cependant un qui se distingue parmi toutes, peut-\u00eatre en raison de son r\u00f4le commercial ou peut-\u00eatre parce que, lorsque Patrizia parle d&#8217;excavatrices, elle parvient \u00e0 les expliquer avec une simplicit\u00e9 et [&hellip;]<\/p>\n","protected":false},"author":9,"featured_media":0,"comment_status":"closed","ping_status":"open","sticky":false,"template":"","format":"standard","meta":{"_breakdance_hide_in_design_set":false,"_breakdance_tags":"","footnotes":""},"categories":[72],"tags":[93,92],"class_list":["post-26470","post","type-post","status-publish","format-standard","hentry","category-people-life-fr","tag-cnh-fr","tag-eurocomach-fr"],"yoast_head":"<!-- This site is optimized with the Yoast SEO plugin v26.3 - https:\/\/yoast.com\/wordpress\/plugins\/seo\/ -->\n<title>La valeur ajout\u00e9e des femmes : le t\u00e9moignage de Patrizia<\/title>\n<meta name=\"description\" content=\"Il y a de nombreux visages f\u00e9minins chez Sampierana, et parmi eux se trouve Patrizia, responsable commerciale export pour Eurocomach.\" \/>\n<meta name=\"robots\" content=\"index, follow, max-snippet:-1, max-image-preview:large, max-video-preview:-1\" \/>\n<link rel=\"canonical\" href=\"https:\/\/eurocomach.sampierana.com\/fr\/la-valeur-ajoutee-des-femmes-le-temoignage-de-patrizia\/\" \/>\n<meta property=\"og:locale\" content=\"fr_FR\" \/>\n<meta property=\"og:type\" content=\"article\" \/>\n<meta property=\"og:title\" content=\"La valeur ajout\u00e9e des femmes : le t\u00e9moignage de Patrizia\" \/>\n<meta property=\"og:description\" content=\"Il y a de nombreux visages f\u00e9minins chez Sampierana, et parmi eux se trouve Patrizia, responsable commerciale export pour Eurocomach.\" \/>\n<meta property=\"og:url\" content=\"https:\/\/eurocomach.sampierana.com\/fr\/la-valeur-ajoutee-des-femmes-le-temoignage-de-patrizia\/\" \/>\n<meta property=\"og:site_name\" content=\"Eurocomach Machines\" \/>\n<meta property=\"article:published_time\" content=\"2025-07-11T13:26:07+00:00\" \/>\n<meta property=\"article:modified_time\" content=\"2025-07-11T13:26:27+00:00\" \/>\n<meta property=\"og:image\" content=\"https:\/\/eurocomach.sampierana.com\/wp-content\/uploads\/sites\/7\/2025\/07\/immagine-3.png\" \/>\n<meta name=\"author\" content=\"dellamonicasara\" \/>\n<meta name=\"twitter:card\" content=\"summary_large_image\" \/>\n<meta name=\"twitter:label1\" content=\"Written by\" \/>\n\t<meta name=\"twitter:data1\" content=\"dellamonicasara\" \/>\n\t<meta name=\"twitter:label2\" content=\"Est. reading time\" \/>\n\t<meta name=\"twitter:data2\" content=\"6 minutes\" \/>\n<script type=\"application\/ld+json\" class=\"yoast-schema-graph\">{\"@context\":\"https:\/\/schema.org\",\"@graph\":[{\"@type\":\"Article\",\"@id\":\"https:\/\/eurocomach.sampierana.com\/fr\/la-valeur-ajoutee-des-femmes-le-temoignage-de-patrizia\/#article\",\"isPartOf\":{\"@id\":\"https:\/\/eurocomach.sampierana.com\/fr\/la-valeur-ajoutee-des-femmes-le-temoignage-de-patrizia\/\"},\"author\":{\"name\":\"dellamonicasara\",\"@id\":\"https:\/\/eurocomach.sampierana.com\/fr\/#\/schema\/person\/a3d90b81acd39762fd43bea8e7208c97\"},\"headline\":\"La valeur ajout\u00e9e des femmes : le t\u00e9moignage de Patrizia\",\"datePublished\":\"2025-07-11T13:26:07+00:00\",\"dateModified\":\"2025-07-11T13:26:27+00:00\",\"mainEntityOfPage\":{\"@id\":\"https:\/\/eurocomach.sampierana.com\/fr\/la-valeur-ajoutee-des-femmes-le-temoignage-de-patrizia\/\"},\"wordCount\":1359,\"publisher\":{\"@id\":\"https:\/\/eurocomach.sampierana.com\/fr\/#organization\"},\"image\":{\"@id\":\"https:\/\/eurocomach.sampierana.com\/fr\/la-valeur-ajoutee-des-femmes-le-temoignage-de-patrizia\/#primaryimage\"},\"thumbnailUrl\":\"https:\/\/eurocomach.sampierana.com\/wp-content\/uploads\/sites\/7\/2025\/07\/immagine-3.png\",\"keywords\":[\"CNH\",\"eurocomach\"],\"articleSection\":[\"People &amp; Life\"],\"inLanguage\":\"fr\"},{\"@type\":\"WebPage\",\"@id\":\"https:\/\/eurocomach.sampierana.com\/fr\/la-valeur-ajoutee-des-femmes-le-temoignage-de-patrizia\/\",\"url\":\"https:\/\/eurocomach.sampierana.com\/fr\/la-valeur-ajoutee-des-femmes-le-temoignage-de-patrizia\/\",\"name\":\"La valeur ajout\u00e9e des femmes : le t\u00e9moignage de Patrizia\",\"isPartOf\":{\"@id\":\"https:\/\/eurocomach.sampierana.com\/fr\/#website\"},\"primaryImageOfPage\":{\"@id\":\"https:\/\/eurocomach.sampierana.com\/fr\/la-valeur-ajoutee-des-femmes-le-temoignage-de-patrizia\/#primaryimage\"},\"image\":{\"@id\":\"https:\/\/eurocomach.sampierana.com\/fr\/la-valeur-ajoutee-des-femmes-le-temoignage-de-patrizia\/#primaryimage\"},\"thumbnailUrl\":\"https:\/\/eurocomach.sampierana.com\/wp-content\/uploads\/sites\/7\/2025\/07\/immagine-3.png\",\"datePublished\":\"2025-07-11T13:26:07+00:00\",\"dateModified\":\"2025-07-11T13:26:27+00:00\",\"description\":\"Il y a de nombreux visages f\u00e9minins chez Sampierana, et parmi eux se trouve Patrizia, responsable commerciale export pour Eurocomach.\",\"breadcrumb\":{\"@id\":\"https:\/\/eurocomach.sampierana.com\/fr\/la-valeur-ajoutee-des-femmes-le-temoignage-de-patrizia\/#breadcrumb\"},\"inLanguage\":\"fr\",\"potentialAction\":[{\"@type\":\"ReadAction\",\"target\":[\"https:\/\/eurocomach.sampierana.com\/fr\/la-valeur-ajoutee-des-femmes-le-temoignage-de-patrizia\/\"]}]},{\"@type\":\"ImageObject\",\"inLanguage\":\"fr\",\"@id\":\"https:\/\/eurocomach.sampierana.com\/fr\/la-valeur-ajoutee-des-femmes-le-temoignage-de-patrizia\/#primaryimage\",\"url\":\"https:\/\/eurocomach.sampierana.com\/wp-content\/uploads\/sites\/7\/2025\/07\/immagine-3.png\",\"contentUrl\":\"https:\/\/eurocomach.sampierana.com\/wp-content\/uploads\/sites\/7\/2025\/07\/immagine-3.png\"},{\"@type\":\"BreadcrumbList\",\"@id\":\"https:\/\/eurocomach.sampierana.com\/fr\/la-valeur-ajoutee-des-femmes-le-temoignage-de-patrizia\/#breadcrumb\",\"itemListElement\":[{\"@type\":\"ListItem\",\"position\":1,\"name\":\"Home\",\"item\":\"https:\/\/eurocomach.sampierana.com\/fr\/\"},{\"@type\":\"ListItem\",\"position\":2,\"name\":\"La valeur ajout\u00e9e des femmes : le t\u00e9moignage de Patrizia\"}]},{\"@type\":\"WebSite\",\"@id\":\"https:\/\/eurocomach.sampierana.com\/fr\/#website\",\"url\":\"https:\/\/eurocomach.sampierana.com\/fr\/\",\"name\":\"Eurocomach Machines\",\"description\":\"Concrete Solutions Always\",\"publisher\":{\"@id\":\"https:\/\/eurocomach.sampierana.com\/fr\/#organization\"},\"potentialAction\":[{\"@type\":\"SearchAction\",\"target\":{\"@type\":\"EntryPoint\",\"urlTemplate\":\"https:\/\/eurocomach.sampierana.com\/fr\/?s={search_term_string}\"},\"query-input\":{\"@type\":\"PropertyValueSpecification\",\"valueRequired\":true,\"valueName\":\"search_term_string\"}}],\"inLanguage\":\"fr\"},{\"@type\":\"Organization\",\"@id\":\"https:\/\/eurocomach.sampierana.com\/fr\/#organization\",\"name\":\"Eurocomach machines\",\"url\":\"https:\/\/eurocomach.sampierana.com\/fr\/\",\"logo\":{\"@type\":\"ImageObject\",\"inLanguage\":\"fr\",\"@id\":\"https:\/\/eurocomach.sampierana.com\/fr\/#\/schema\/logo\/image\/\",\"url\":\"https:\/\/eurocomach.sampierana.com\/wp-content\/uploads\/sites\/7\/2025\/10\/logo-eurocomach.png\",\"contentUrl\":\"https:\/\/eurocomach.sampierana.com\/wp-content\/uploads\/sites\/7\/2025\/10\/logo-eurocomach.png\",\"width\":332,\"height\":152,\"caption\":\"Eurocomach machines\"},\"image\":{\"@id\":\"https:\/\/eurocomach.sampierana.com\/fr\/#\/schema\/logo\/image\/\"}},{\"@type\":\"Person\",\"@id\":\"https:\/\/eurocomach.sampierana.com\/fr\/#\/schema\/person\/a3d90b81acd39762fd43bea8e7208c97\",\"name\":\"dellamonicasara\"}]}<\/script>\n<!-- \/ Yoast SEO plugin. -->","yoast_head_json":{"title":"La valeur ajout\u00e9e des femmes : le t\u00e9moignage de Patrizia","description":"Il y a de nombreux visages f\u00e9minins chez Sampierana, et parmi eux se trouve Patrizia, responsable commerciale export pour Eurocomach.","robots":{"index":"index","follow":"follow","max-snippet":"max-snippet:-1","max-image-preview":"max-image-preview:large","max-video-preview":"max-video-preview:-1"},"canonical":"https:\/\/eurocomach.sampierana.com\/fr\/la-valeur-ajoutee-des-femmes-le-temoignage-de-patrizia\/","og_locale":"fr_FR","og_type":"article","og_title":"La valeur ajout\u00e9e des femmes : le t\u00e9moignage de Patrizia","og_description":"Il y a de nombreux visages f\u00e9minins chez Sampierana, et parmi eux se trouve Patrizia, responsable commerciale export pour Eurocomach.","og_url":"https:\/\/eurocomach.sampierana.com\/fr\/la-valeur-ajoutee-des-femmes-le-temoignage-de-patrizia\/","og_site_name":"Eurocomach Machines","article_published_time":"2025-07-11T13:26:07+00:00","article_modified_time":"2025-07-11T13:26:27+00:00","og_image":[{"url":"https:\/\/eurocomach.sampierana.com\/wp-content\/uploads\/sites\/7\/2025\/07\/immagine-3.png","type":"","width":"","height":""}],"author":"dellamonicasara","twitter_card":"summary_large_image","twitter_misc":{"Written by":"dellamonicasara","Est. reading time":"6 minutes"},"schema":{"@context":"https:\/\/schema.org","@graph":[{"@type":"Article","@id":"https:\/\/eurocomach.sampierana.com\/fr\/la-valeur-ajoutee-des-femmes-le-temoignage-de-patrizia\/#article","isPartOf":{"@id":"https:\/\/eurocomach.sampierana.com\/fr\/la-valeur-ajoutee-des-femmes-le-temoignage-de-patrizia\/"},"author":{"name":"dellamonicasara","@id":"https:\/\/eurocomach.sampierana.com\/fr\/#\/schema\/person\/a3d90b81acd39762fd43bea8e7208c97"},"headline":"La valeur ajout\u00e9e des femmes : le t\u00e9moignage de Patrizia","datePublished":"2025-07-11T13:26:07+00:00","dateModified":"2025-07-11T13:26:27+00:00","mainEntityOfPage":{"@id":"https:\/\/eurocomach.sampierana.com\/fr\/la-valeur-ajoutee-des-femmes-le-temoignage-de-patrizia\/"},"wordCount":1359,"publisher":{"@id":"https:\/\/eurocomach.sampierana.com\/fr\/#organization"},"image":{"@id":"https:\/\/eurocomach.sampierana.com\/fr\/la-valeur-ajoutee-des-femmes-le-temoignage-de-patrizia\/#primaryimage"},"thumbnailUrl":"https:\/\/eurocomach.sampierana.com\/wp-content\/uploads\/sites\/7\/2025\/07\/immagine-3.png","keywords":["CNH","eurocomach"],"articleSection":["People &amp; Life"],"inLanguage":"fr"},{"@type":"WebPage","@id":"https:\/\/eurocomach.sampierana.com\/fr\/la-valeur-ajoutee-des-femmes-le-temoignage-de-patrizia\/","url":"https:\/\/eurocomach.sampierana.com\/fr\/la-valeur-ajoutee-des-femmes-le-temoignage-de-patrizia\/","name":"La valeur ajout\u00e9e des femmes : le t\u00e9moignage de Patrizia","isPartOf":{"@id":"https:\/\/eurocomach.sampierana.com\/fr\/#website"},"primaryImageOfPage":{"@id":"https:\/\/eurocomach.sampierana.com\/fr\/la-valeur-ajoutee-des-femmes-le-temoignage-de-patrizia\/#primaryimage"},"image":{"@id":"https:\/\/eurocomach.sampierana.com\/fr\/la-valeur-ajoutee-des-femmes-le-temoignage-de-patrizia\/#primaryimage"},"thumbnailUrl":"https:\/\/eurocomach.sampierana.com\/wp-content\/uploads\/sites\/7\/2025\/07\/immagine-3.png","datePublished":"2025-07-11T13:26:07+00:00","dateModified":"2025-07-11T13:26:27+00:00","description":"Il y a de nombreux visages f\u00e9minins chez Sampierana, et parmi eux se trouve Patrizia, responsable commerciale export pour Eurocomach.","breadcrumb":{"@id":"https:\/\/eurocomach.sampierana.com\/fr\/la-valeur-ajoutee-des-femmes-le-temoignage-de-patrizia\/#breadcrumb"},"inLanguage":"fr","potentialAction":[{"@type":"ReadAction","target":["https:\/\/eurocomach.sampierana.com\/fr\/la-valeur-ajoutee-des-femmes-le-temoignage-de-patrizia\/"]}]},{"@type":"ImageObject","inLanguage":"fr","@id":"https:\/\/eurocomach.sampierana.com\/fr\/la-valeur-ajoutee-des-femmes-le-temoignage-de-patrizia\/#primaryimage","url":"https:\/\/eurocomach.sampierana.com\/wp-content\/uploads\/sites\/7\/2025\/07\/immagine-3.png","contentUrl":"https:\/\/eurocomach.sampierana.com\/wp-content\/uploads\/sites\/7\/2025\/07\/immagine-3.png"},{"@type":"BreadcrumbList","@id":"https:\/\/eurocomach.sampierana.com\/fr\/la-valeur-ajoutee-des-femmes-le-temoignage-de-patrizia\/#breadcrumb","itemListElement":[{"@type":"ListItem","position":1,"name":"Home","item":"https:\/\/eurocomach.sampierana.com\/fr\/"},{"@type":"ListItem","position":2,"name":"La valeur ajout\u00e9e des femmes : le t\u00e9moignage de Patrizia"}]},{"@type":"WebSite","@id":"https:\/\/eurocomach.sampierana.com\/fr\/#website","url":"https:\/\/eurocomach.sampierana.com\/fr\/","name":"Eurocomach Machines","description":"Concrete Solutions Always","publisher":{"@id":"https:\/\/eurocomach.sampierana.com\/fr\/#organization"},"potentialAction":[{"@type":"SearchAction","target":{"@type":"EntryPoint","urlTemplate":"https:\/\/eurocomach.sampierana.com\/fr\/?s={search_term_string}"},"query-input":{"@type":"PropertyValueSpecification","valueRequired":true,"valueName":"search_term_string"}}],"inLanguage":"fr"},{"@type":"Organization","@id":"https:\/\/eurocomach.sampierana.com\/fr\/#organization","name":"Eurocomach machines","url":"https:\/\/eurocomach.sampierana.com\/fr\/","logo":{"@type":"ImageObject","inLanguage":"fr","@id":"https:\/\/eurocomach.sampierana.com\/fr\/#\/schema\/logo\/image\/","url":"https:\/\/eurocomach.sampierana.com\/wp-content\/uploads\/sites\/7\/2025\/10\/logo-eurocomach.png","contentUrl":"https:\/\/eurocomach.sampierana.com\/wp-content\/uploads\/sites\/7\/2025\/10\/logo-eurocomach.png","width":332,"height":152,"caption":"Eurocomach machines"},"image":{"@id":"https:\/\/eurocomach.sampierana.com\/fr\/#\/schema\/logo\/image\/"}},{"@type":"Person","@id":"https:\/\/eurocomach.sampierana.com\/fr\/#\/schema\/person\/a3d90b81acd39762fd43bea8e7208c97","name":"dellamonicasara"}]}},"_links":{"self":[{"href":"https:\/\/eurocomach.sampierana.com\/fr\/wp-json\/wp\/v2\/posts\/26470","targetHints":{"allow":["GET"]}}],"collection":[{"href":"https:\/\/eurocomach.sampierana.com\/fr\/wp-json\/wp\/v2\/posts"}],"about":[{"href":"https:\/\/eurocomach.sampierana.com\/fr\/wp-json\/wp\/v2\/types\/post"}],"author":[{"embeddable":true,"href":"https:\/\/eurocomach.sampierana.com\/fr\/wp-json\/wp\/v2\/users\/9"}],"replies":[{"embeddable":true,"href":"https:\/\/eurocomach.sampierana.com\/fr\/wp-json\/wp\/v2\/comments?post=26470"}],"version-history":[{"count":2,"href":"https:\/\/eurocomach.sampierana.com\/fr\/wp-json\/wp\/v2\/posts\/26470\/revisions"}],"predecessor-version":[{"id":26509,"href":"https:\/\/eurocomach.sampierana.com\/fr\/wp-json\/wp\/v2\/posts\/26470\/revisions\/26509"}],"wp:attachment":[{"href":"https:\/\/eurocomach.sampierana.com\/fr\/wp-json\/wp\/v2\/media?parent=26470"}],"wp:term":[{"taxonomy":"category","embeddable":true,"href":"https:\/\/eurocomach.sampierana.com\/fr\/wp-json\/wp\/v2\/categories?post=26470"},{"taxonomy":"post_tag","embeddable":true,"href":"https:\/\/eurocomach.sampierana.com\/fr\/wp-json\/wp\/v2\/tags?post=26470"}],"curies":[{"name":"wp","href":"https:\/\/api.w.org\/{rel}","templated":true}]}}