{"id":20981,"date":"2023-10-23T14:10:00","date_gmt":"2023-10-23T14:10:00","guid":{"rendered":"https:\/\/eurocomach.sampierana.com\/semaine-de-formation-pour-le-developpement-de-competences-technico-pratiques-dans-lusine-de-cesena\/"},"modified":"2024-07-12T15:02:25","modified_gmt":"2024-07-12T15:02:25","slug":"semaine-de-formation-pour-le-developpement-de-competences-technico-pratiques-dans-lusine-de-cesena","status":"publish","type":"post","link":"https:\/\/eurocomach.sampierana.com\/fr\/semaine-de-formation-pour-le-developpement-de-competences-technico-pratiques-dans-lusine-de-cesena\/","title":{"rendered":"Semaine de formation pour le d\u00e9veloppement de comp\u00e9tences technico-pratiques dans l\u2019usine de Cesena"},"content":{"rendered":"<h2 class=\"wp-block-heading\"><\/h2>\n\n\n\n<p>Au cours du mois d\u2019ao\u00fbt, les <strong>op\u00e9rateurs<\/strong> de la <strong>ligne 3<\/strong> ont particip\u00e9 \u00e0 une formation sous la direction de formateurs internes et de prestataires externes. Le cours de 40 heures au total a altern\u00e9 des moments de formation en classe avec des moments de formation en ligne et de travail de projet.<\/p>\n\n\n\n<p>Le th\u00e8me <strong>qualit\u00e9 <\/strong>et <strong>am\u00e9lioration continue <\/strong>dans <em>domaine manufacturing<\/em> sont au centre de ces parcours de formation con\u00e7us pour notre \u00e9quipe de production.<\/p>\n\n\n\n<p>Divis\u00e9es en groupes, travailleuses et travailleurs ont cr\u00e9\u00e9 de petites \u00e9quipes aux prises avec la r\u00e9solution de plusieurs probl\u00e9matiques propos\u00e9es par les formateurs.<\/p>\n\n\n\n<p>Dans le plant de <strong>Cesena<\/strong> les formateurs ont approfondi l\u2019utilisation correcte des cl\u00e9s et des tournevis \u00e9lectriques ainsi que la gestion des criticit\u00e9s en l\u2019absence de ces outils.<\/p>\n\n\n\n<p>\u00c0 cette occasion, l\u2019\u00e9quipe de production a eu la possibilit\u00e9 de se mettre \u00e0 l\u2019\u00e9preuve dans l\u2019assemblage du nouveau mod\u00e8le \u00e9lectrique de marque Eurocomach\u00a0: le <strong>25X<\/strong>.<\/p>\n\n\n\n<p>L\u2019objectif est de continuer \u00e0 cr\u00e9er et \u00e0 donner de l\u2019espace \u00e0 ces moments de formation et de croissance pour toute l\u2019\u00e9quipe Sampierana d\u00e9j\u00e0 projet\u00e9e vers le futur.\u00a0\u00a0<\/p>\n\n\n\n<p>Pour en savoir plus sur le programme <a href=\"https:\/\/\/www.sampierana.com\/it\/sampierana-women-academy\/\" target=\"u blank\" rel=\"noreferrer noopener\">Women Academy.<\/a><\/p>\n","protected":false},"excerpt":{"rendered":"<p>Qualit\u00e9 et am\u00e9lioration continue au c\u0153ur de la formation Eurocomach<\/p>\n","protected":false},"author":9,"featured_media":17273,"comment_status":"closed","ping_status":"open","sticky":false,"template":"","format":"standard","meta":{"_breakdance_hide_in_design_set":false,"_breakdance_tags":"","footnotes":""},"categories":[72],"tags":[103,92,101,100,102],"class_list":["post-20981","post","type-post","status-publish","format-standard","has-post-thumbnail","hentry","category-people-life-fr","tag-construction-fr","tag-eurocomach-fr","tag-formation","tag-sampierana-fr","tag-training-fr"],"yoast_head":"<!-- This site is optimized with the Yoast SEO plugin v26.3 - https:\/\/yoast.com\/wordpress\/plugins\/seo\/ -->\n<title>Semaine de formation pour le d\u00e9veloppement de comp\u00e9tences technico-pratiques dans l\u2019usine de Cesena<\/title>\n<meta name=\"description\" content=\"Une semaine de formation pour l\u2019\u00e9quipe de production charg\u00e9e des formations d\u2019assemblage du nouveau mod\u00e8le \u00e9lectrique.\" \/>\n<meta name=\"robots\" content=\"index, follow, max-snippet:-1, max-image-preview:large, max-video-preview:-1\" \/>\n<link rel=\"canonical\" href=\"https:\/\/eurocomach.sampierana.com\/fr\/semaine-de-formation-pour-le-developpement-de-competences-technico-pratiques-dans-lusine-de-cesena\/\" \/>\n<meta property=\"og:locale\" content=\"fr_FR\" \/>\n<meta property=\"og:type\" content=\"article\" \/>\n<meta property=\"og:title\" content=\"Semaine de formation pour le d\u00e9veloppement de comp\u00e9tences technico-pratiques dans l\u2019usine de Cesena\" \/>\n<meta property=\"og:description\" content=\"Une semaine de formation pour l\u2019\u00e9quipe de production charg\u00e9e des formations d\u2019assemblage du nouveau mod\u00e8le \u00e9lectrique.\" \/>\n<meta property=\"og:url\" content=\"https:\/\/eurocomach.sampierana.com\/fr\/semaine-de-formation-pour-le-developpement-de-competences-technico-pratiques-dans-lusine-de-cesena\/\" \/>\n<meta property=\"og:site_name\" content=\"Eurocomach Machines\" \/>\n<meta property=\"article:published_time\" content=\"2023-10-23T14:10:00+00:00\" \/>\n<meta property=\"article:modified_time\" content=\"2024-07-12T15:02:25+00:00\" \/>\n<meta property=\"og:image\" content=\"https:\/\/eurocomach.sampierana.com\/wp-content\/uploads\/sites\/7\/2023\/10\/Sampierana_Cover_3.png\" \/>\n\t<meta property=\"og:image:width\" content=\"1920\" \/>\n\t<meta property=\"og:image:height\" content=\"400\" \/>\n\t<meta property=\"og:image:type\" content=\"image\/png\" \/>\n<meta name=\"author\" content=\"dellamonicasara\" \/>\n<meta name=\"twitter:card\" content=\"summary_large_image\" \/>\n<meta name=\"twitter:label1\" content=\"Written by\" \/>\n\t<meta name=\"twitter:data1\" content=\"dellamonicasara\" \/>\n\t<meta name=\"twitter:label2\" content=\"Est. reading time\" \/>\n\t<meta name=\"twitter:data2\" content=\"1 minute\" \/>\n<script type=\"application\/ld+json\" class=\"yoast-schema-graph\">{\"@context\":\"https:\/\/schema.org\",\"@graph\":[{\"@type\":\"Article\",\"@id\":\"https:\/\/eurocomach.sampierana.com\/fr\/semaine-de-formation-pour-le-developpement-de-competences-technico-pratiques-dans-lusine-de-cesena\/#article\",\"isPartOf\":{\"@id\":\"https:\/\/eurocomach.sampierana.com\/fr\/semaine-de-formation-pour-le-developpement-de-competences-technico-pratiques-dans-lusine-de-cesena\/\"},\"author\":{\"name\":\"dellamonicasara\",\"@id\":\"https:\/\/eurocomach.sampierana.com\/fr\/#\/schema\/person\/a3d90b81acd39762fd43bea8e7208c97\"},\"headline\":\"Semaine de formation pour le d\u00e9veloppement de comp\u00e9tences technico-pratiques dans l\u2019usine de Cesena\",\"datePublished\":\"2023-10-23T14:10:00+00:00\",\"dateModified\":\"2024-07-12T15:02:25+00:00\",\"mainEntityOfPage\":{\"@id\":\"https:\/\/eurocomach.sampierana.com\/fr\/semaine-de-formation-pour-le-developpement-de-competences-technico-pratiques-dans-lusine-de-cesena\/\"},\"wordCount\":225,\"publisher\":{\"@id\":\"https:\/\/eurocomach.sampierana.com\/fr\/#organization\"},\"image\":{\"@id\":\"https:\/\/eurocomach.sampierana.com\/fr\/semaine-de-formation-pour-le-developpement-de-competences-technico-pratiques-dans-lusine-de-cesena\/#primaryimage\"},\"thumbnailUrl\":\"https:\/\/eurocomach.sampierana.com\/wp-content\/uploads\/sites\/7\/2023\/10\/Sampierana_Cover_3.png\",\"keywords\":[\"construction\",\"eurocomach\",\"formation\",\"sampierana\",\"training\"],\"articleSection\":[\"People &amp; Life\"],\"inLanguage\":\"fr\"},{\"@type\":\"WebPage\",\"@id\":\"https:\/\/eurocomach.sampierana.com\/fr\/semaine-de-formation-pour-le-developpement-de-competences-technico-pratiques-dans-lusine-de-cesena\/\",\"url\":\"https:\/\/eurocomach.sampierana.com\/fr\/semaine-de-formation-pour-le-developpement-de-competences-technico-pratiques-dans-lusine-de-cesena\/\",\"name\":\"Semaine de formation pour le d\u00e9veloppement de comp\u00e9tences technico-pratiques dans l\u2019usine de Cesena\",\"isPartOf\":{\"@id\":\"https:\/\/eurocomach.sampierana.com\/fr\/#website\"},\"primaryImageOfPage\":{\"@id\":\"https:\/\/eurocomach.sampierana.com\/fr\/semaine-de-formation-pour-le-developpement-de-competences-technico-pratiques-dans-lusine-de-cesena\/#primaryimage\"},\"image\":{\"@id\":\"https:\/\/eurocomach.sampierana.com\/fr\/semaine-de-formation-pour-le-developpement-de-competences-technico-pratiques-dans-lusine-de-cesena\/#primaryimage\"},\"thumbnailUrl\":\"https:\/\/eurocomach.sampierana.com\/wp-content\/uploads\/sites\/7\/2023\/10\/Sampierana_Cover_3.png\",\"datePublished\":\"2023-10-23T14:10:00+00:00\",\"dateModified\":\"2024-07-12T15:02:25+00:00\",\"description\":\"Une semaine de formation pour l\u2019\u00e9quipe de production charg\u00e9e des formations d\u2019assemblage du nouveau mod\u00e8le \u00e9lectrique.\",\"breadcrumb\":{\"@id\":\"https:\/\/eurocomach.sampierana.com\/fr\/semaine-de-formation-pour-le-developpement-de-competences-technico-pratiques-dans-lusine-de-cesena\/#breadcrumb\"},\"inLanguage\":\"fr\",\"potentialAction\":[{\"@type\":\"ReadAction\",\"target\":[\"https:\/\/eurocomach.sampierana.com\/fr\/semaine-de-formation-pour-le-developpement-de-competences-technico-pratiques-dans-lusine-de-cesena\/\"]}]},{\"@type\":\"ImageObject\",\"inLanguage\":\"fr\",\"@id\":\"https:\/\/eurocomach.sampierana.com\/fr\/semaine-de-formation-pour-le-developpement-de-competences-technico-pratiques-dans-lusine-de-cesena\/#primaryimage\",\"url\":\"https:\/\/eurocomach.sampierana.com\/wp-content\/uploads\/sites\/7\/2023\/10\/Sampierana_Cover_3.png\",\"contentUrl\":\"https:\/\/eurocomach.sampierana.com\/wp-content\/uploads\/sites\/7\/2023\/10\/Sampierana_Cover_3.png\",\"width\":1920,\"height\":400,\"caption\":\"Sampierana Eurocomach\"},{\"@type\":\"BreadcrumbList\",\"@id\":\"https:\/\/eurocomach.sampierana.com\/fr\/semaine-de-formation-pour-le-developpement-de-competences-technico-pratiques-dans-lusine-de-cesena\/#breadcrumb\",\"itemListElement\":[{\"@type\":\"ListItem\",\"position\":1,\"name\":\"Home\",\"item\":\"https:\/\/eurocomach.sampierana.com\/fr\/\"},{\"@type\":\"ListItem\",\"position\":2,\"name\":\"Semaine de formation pour le d\u00e9veloppement de comp\u00e9tences technico-pratiques dans l\u2019usine de Cesena\"}]},{\"@type\":\"WebSite\",\"@id\":\"https:\/\/eurocomach.sampierana.com\/fr\/#website\",\"url\":\"https:\/\/eurocomach.sampierana.com\/fr\/\",\"name\":\"Eurocomach Machines\",\"description\":\"Concrete Solutions Always\",\"publisher\":{\"@id\":\"https:\/\/eurocomach.sampierana.com\/fr\/#organization\"},\"potentialAction\":[{\"@type\":\"SearchAction\",\"target\":{\"@type\":\"EntryPoint\",\"urlTemplate\":\"https:\/\/eurocomach.sampierana.com\/fr\/?s={search_term_string}\"},\"query-input\":{\"@type\":\"PropertyValueSpecification\",\"valueRequired\":true,\"valueName\":\"search_term_string\"}}],\"inLanguage\":\"fr\"},{\"@type\":\"Organization\",\"@id\":\"https:\/\/eurocomach.sampierana.com\/fr\/#organization\",\"name\":\"Eurocomach machines\",\"url\":\"https:\/\/eurocomach.sampierana.com\/fr\/\",\"logo\":{\"@type\":\"ImageObject\",\"inLanguage\":\"fr\",\"@id\":\"https:\/\/eurocomach.sampierana.com\/fr\/#\/schema\/logo\/image\/\",\"url\":\"https:\/\/eurocomach.sampierana.com\/wp-content\/uploads\/sites\/7\/2025\/10\/logo-eurocomach.png\",\"contentUrl\":\"https:\/\/eurocomach.sampierana.com\/wp-content\/uploads\/sites\/7\/2025\/10\/logo-eurocomach.png\",\"width\":332,\"height\":152,\"caption\":\"Eurocomach machines\"},\"image\":{\"@id\":\"https:\/\/eurocomach.sampierana.com\/fr\/#\/schema\/logo\/image\/\"}},{\"@type\":\"Person\",\"@id\":\"https:\/\/eurocomach.sampierana.com\/fr\/#\/schema\/person\/a3d90b81acd39762fd43bea8e7208c97\",\"name\":\"dellamonicasara\"}]}<\/script>\n<!-- \/ Yoast SEO plugin. -->","yoast_head_json":{"title":"Semaine de formation pour le d\u00e9veloppement de comp\u00e9tences technico-pratiques dans l\u2019usine de Cesena","description":"Une semaine de formation pour l\u2019\u00e9quipe de production charg\u00e9e des formations d\u2019assemblage du nouveau mod\u00e8le \u00e9lectrique.","robots":{"index":"index","follow":"follow","max-snippet":"max-snippet:-1","max-image-preview":"max-image-preview:large","max-video-preview":"max-video-preview:-1"},"canonical":"https:\/\/eurocomach.sampierana.com\/fr\/semaine-de-formation-pour-le-developpement-de-competences-technico-pratiques-dans-lusine-de-cesena\/","og_locale":"fr_FR","og_type":"article","og_title":"Semaine de formation pour le d\u00e9veloppement de comp\u00e9tences technico-pratiques dans l\u2019usine de Cesena","og_description":"Une semaine de formation pour l\u2019\u00e9quipe de production charg\u00e9e des formations d\u2019assemblage du nouveau mod\u00e8le \u00e9lectrique.","og_url":"https:\/\/eurocomach.sampierana.com\/fr\/semaine-de-formation-pour-le-developpement-de-competences-technico-pratiques-dans-lusine-de-cesena\/","og_site_name":"Eurocomach Machines","article_published_time":"2023-10-23T14:10:00+00:00","article_modified_time":"2024-07-12T15:02:25+00:00","og_image":[{"width":1920,"height":400,"url":"https:\/\/eurocomach.sampierana.com\/wp-content\/uploads\/sites\/7\/2023\/10\/Sampierana_Cover_3.png","type":"image\/png"}],"author":"dellamonicasara","twitter_card":"summary_large_image","twitter_misc":{"Written by":"dellamonicasara","Est. reading time":"1 minute"},"schema":{"@context":"https:\/\/schema.org","@graph":[{"@type":"Article","@id":"https:\/\/eurocomach.sampierana.com\/fr\/semaine-de-formation-pour-le-developpement-de-competences-technico-pratiques-dans-lusine-de-cesena\/#article","isPartOf":{"@id":"https:\/\/eurocomach.sampierana.com\/fr\/semaine-de-formation-pour-le-developpement-de-competences-technico-pratiques-dans-lusine-de-cesena\/"},"author":{"name":"dellamonicasara","@id":"https:\/\/eurocomach.sampierana.com\/fr\/#\/schema\/person\/a3d90b81acd39762fd43bea8e7208c97"},"headline":"Semaine de formation pour le d\u00e9veloppement de comp\u00e9tences technico-pratiques dans l\u2019usine de Cesena","datePublished":"2023-10-23T14:10:00+00:00","dateModified":"2024-07-12T15:02:25+00:00","mainEntityOfPage":{"@id":"https:\/\/eurocomach.sampierana.com\/fr\/semaine-de-formation-pour-le-developpement-de-competences-technico-pratiques-dans-lusine-de-cesena\/"},"wordCount":225,"publisher":{"@id":"https:\/\/eurocomach.sampierana.com\/fr\/#organization"},"image":{"@id":"https:\/\/eurocomach.sampierana.com\/fr\/semaine-de-formation-pour-le-developpement-de-competences-technico-pratiques-dans-lusine-de-cesena\/#primaryimage"},"thumbnailUrl":"https:\/\/eurocomach.sampierana.com\/wp-content\/uploads\/sites\/7\/2023\/10\/Sampierana_Cover_3.png","keywords":["construction","eurocomach","formation","sampierana","training"],"articleSection":["People &amp; Life"],"inLanguage":"fr"},{"@type":"WebPage","@id":"https:\/\/eurocomach.sampierana.com\/fr\/semaine-de-formation-pour-le-developpement-de-competences-technico-pratiques-dans-lusine-de-cesena\/","url":"https:\/\/eurocomach.sampierana.com\/fr\/semaine-de-formation-pour-le-developpement-de-competences-technico-pratiques-dans-lusine-de-cesena\/","name":"Semaine de formation pour le d\u00e9veloppement de comp\u00e9tences technico-pratiques dans l\u2019usine de Cesena","isPartOf":{"@id":"https:\/\/eurocomach.sampierana.com\/fr\/#website"},"primaryImageOfPage":{"@id":"https:\/\/eurocomach.sampierana.com\/fr\/semaine-de-formation-pour-le-developpement-de-competences-technico-pratiques-dans-lusine-de-cesena\/#primaryimage"},"image":{"@id":"https:\/\/eurocomach.sampierana.com\/fr\/semaine-de-formation-pour-le-developpement-de-competences-technico-pratiques-dans-lusine-de-cesena\/#primaryimage"},"thumbnailUrl":"https:\/\/eurocomach.sampierana.com\/wp-content\/uploads\/sites\/7\/2023\/10\/Sampierana_Cover_3.png","datePublished":"2023-10-23T14:10:00+00:00","dateModified":"2024-07-12T15:02:25+00:00","description":"Une semaine de formation pour l\u2019\u00e9quipe de production charg\u00e9e des formations d\u2019assemblage du nouveau mod\u00e8le \u00e9lectrique.","breadcrumb":{"@id":"https:\/\/eurocomach.sampierana.com\/fr\/semaine-de-formation-pour-le-developpement-de-competences-technico-pratiques-dans-lusine-de-cesena\/#breadcrumb"},"inLanguage":"fr","potentialAction":[{"@type":"ReadAction","target":["https:\/\/eurocomach.sampierana.com\/fr\/semaine-de-formation-pour-le-developpement-de-competences-technico-pratiques-dans-lusine-de-cesena\/"]}]},{"@type":"ImageObject","inLanguage":"fr","@id":"https:\/\/eurocomach.sampierana.com\/fr\/semaine-de-formation-pour-le-developpement-de-competences-technico-pratiques-dans-lusine-de-cesena\/#primaryimage","url":"https:\/\/eurocomach.sampierana.com\/wp-content\/uploads\/sites\/7\/2023\/10\/Sampierana_Cover_3.png","contentUrl":"https:\/\/eurocomach.sampierana.com\/wp-content\/uploads\/sites\/7\/2023\/10\/Sampierana_Cover_3.png","width":1920,"height":400,"caption":"Sampierana Eurocomach"},{"@type":"BreadcrumbList","@id":"https:\/\/eurocomach.sampierana.com\/fr\/semaine-de-formation-pour-le-developpement-de-competences-technico-pratiques-dans-lusine-de-cesena\/#breadcrumb","itemListElement":[{"@type":"ListItem","position":1,"name":"Home","item":"https:\/\/eurocomach.sampierana.com\/fr\/"},{"@type":"ListItem","position":2,"name":"Semaine de formation pour le d\u00e9veloppement de comp\u00e9tences technico-pratiques dans l\u2019usine de Cesena"}]},{"@type":"WebSite","@id":"https:\/\/eurocomach.sampierana.com\/fr\/#website","url":"https:\/\/eurocomach.sampierana.com\/fr\/","name":"Eurocomach Machines","description":"Concrete Solutions Always","publisher":{"@id":"https:\/\/eurocomach.sampierana.com\/fr\/#organization"},"potentialAction":[{"@type":"SearchAction","target":{"@type":"EntryPoint","urlTemplate":"https:\/\/eurocomach.sampierana.com\/fr\/?s={search_term_string}"},"query-input":{"@type":"PropertyValueSpecification","valueRequired":true,"valueName":"search_term_string"}}],"inLanguage":"fr"},{"@type":"Organization","@id":"https:\/\/eurocomach.sampierana.com\/fr\/#organization","name":"Eurocomach machines","url":"https:\/\/eurocomach.sampierana.com\/fr\/","logo":{"@type":"ImageObject","inLanguage":"fr","@id":"https:\/\/eurocomach.sampierana.com\/fr\/#\/schema\/logo\/image\/","url":"https:\/\/eurocomach.sampierana.com\/wp-content\/uploads\/sites\/7\/2025\/10\/logo-eurocomach.png","contentUrl":"https:\/\/eurocomach.sampierana.com\/wp-content\/uploads\/sites\/7\/2025\/10\/logo-eurocomach.png","width":332,"height":152,"caption":"Eurocomach machines"},"image":{"@id":"https:\/\/eurocomach.sampierana.com\/fr\/#\/schema\/logo\/image\/"}},{"@type":"Person","@id":"https:\/\/eurocomach.sampierana.com\/fr\/#\/schema\/person\/a3d90b81acd39762fd43bea8e7208c97","name":"dellamonicasara"}]}},"_links":{"self":[{"href":"https:\/\/eurocomach.sampierana.com\/fr\/wp-json\/wp\/v2\/posts\/20981","targetHints":{"allow":["GET"]}}],"collection":[{"href":"https:\/\/eurocomach.sampierana.com\/fr\/wp-json\/wp\/v2\/posts"}],"about":[{"href":"https:\/\/eurocomach.sampierana.com\/fr\/wp-json\/wp\/v2\/types\/post"}],"author":[{"embeddable":true,"href":"https:\/\/eurocomach.sampierana.com\/fr\/wp-json\/wp\/v2\/users\/9"}],"replies":[{"embeddable":true,"href":"https:\/\/eurocomach.sampierana.com\/fr\/wp-json\/wp\/v2\/comments?post=20981"}],"version-history":[{"count":2,"href":"https:\/\/eurocomach.sampierana.com\/fr\/wp-json\/wp\/v2\/posts\/20981\/revisions"}],"predecessor-version":[{"id":21005,"href":"https:\/\/eurocomach.sampierana.com\/fr\/wp-json\/wp\/v2\/posts\/20981\/revisions\/21005"}],"wp:featuredmedia":[{"embeddable":true,"href":"https:\/\/eurocomach.sampierana.com\/fr\/wp-json\/wp\/v2\/media\/17273"}],"wp:attachment":[{"href":"https:\/\/eurocomach.sampierana.com\/fr\/wp-json\/wp\/v2\/media?parent=20981"}],"wp:term":[{"taxonomy":"category","embeddable":true,"href":"https:\/\/eurocomach.sampierana.com\/fr\/wp-json\/wp\/v2\/categories?post=20981"},{"taxonomy":"post_tag","embeddable":true,"href":"https:\/\/eurocomach.sampierana.com\/fr\/wp-json\/wp\/v2\/tags?post=20981"}],"curies":[{"name":"wp","href":"https:\/\/api.w.org\/{rel}","templated":true}]}}