{"id":30675,"date":"2026-03-17T13:58:39","date_gmt":"2026-03-17T13:58:39","guid":{"rendered":"https:\/\/eurocomach.sampierana.com\/?p=30675"},"modified":"2026-03-17T13:59:33","modified_gmt":"2026-03-17T13:59:33","slug":"wachstum-globaler-talente-rafael-renno-und-die-elektronik-der-zukunft","status":"publish","type":"post","link":"https:\/\/eurocomach.sampierana.com\/de\/wachstum-globaler-talente-rafael-renno-und-die-elektronik-der-zukunft\/","title":{"rendered":"Wachstum globaler Talente: Rafael Renno und die Elektronik der Zukunft"},"content":{"rendered":"\n<div class=\"wp-block-columns is-layout-flex wp-container-core-columns-is-layout-9d6595d7 wp-block-columns-is-layout-flex\">\n<div class=\"wp-block-column is-layout-flow wp-block-column-is-layout-flow\" style=\"flex-basis:20%\"><\/div>\n\n\n\n<div class=\"wp-block-column is-layout-flow wp-block-column-is-layout-flow\" style=\"flex-basis:60%\">\n<h2 class=\"wp-block-heading\">Das CE PD Master-Programm: Die Erfahrung von Rafael<\/h2>\n\n\n\n<div style=\"height:25px\" aria-hidden=\"true\" class=\"wp-block-spacer\"><\/div>\n\n\n\n<p>Nachdem wir die Erfahrungen von Rubia Pimenta erkundet haben, setzen wir unsere Reise innerhalb des <strong>CE PD Master Program von CNH<\/strong> mit dem Erfahrungsbericht von <strong>Rafael Renno<\/strong>, System Engineer, fort. Rafael f\u00fchrt uns in das technologische Herz des Unternehmens und spezialisiert sich auf Fahrzeug-Elektronik und Software mit einem starken Fokus auf Spitzentechnologien.<\/p>\n\n\n\n<p>Seine internationale <strong>Job Rotation<\/strong> war in <strong>Turin<\/strong> angesiedelt, einem strategischen Innovations-Hub, bot ihm aber auch die Gelegenheit, eng mit dem Team in <strong>Lecce<\/strong> zusammenzuarbeiten. Dies schuf eine direkte Br\u00fccke zwischen den verschiedenen italienischen Kompetenzzentren von CNH und beschleunigte seine berufliche Entwicklung erheblich.<\/p>\n\n\n\n<p>In diesem Interview erkl\u00e4rte er uns, wie der \u00dcbergang von den brasilianischen Aktivit\u00e4ten zu den italienischen Produktionslinien es ihm erm\u00f6glichte, die Plattformen <strong>Grader<\/strong> und <strong>Telehandler<\/strong> zu meistern. Dabei sammelte er direkte Erfahrungen auf dem <em>Proving Ground<\/em> und brachte zukunftsweisende Kompetenzen zu CNH Brasilien zur\u00fcck.<\/p>\n\n\n\n<p><strong>F: Rafael, wie hat dein Weg bei CNH und mit diesem Master-Programm begonnen?<\/strong><\/p>\n\n\n\n<p>Ich habe mein Studium in <strong>Elektrotechnik<\/strong> abgeschlossen und bereits mein Praktikum im Bereich Baumaschinen absolviert. Ich wusste, wie gro\u00df CNH ist und welchen Einfluss das Unternehmen auf den Markt hat, deshalb wollte ich unbedingt dazugeh\u00f6ren. Als ich w\u00e4hrend eines <strong>YouTube-Livestreams<\/strong> vom <strong>CE PD Master-Programm<\/strong> h\u00f6rte \u2013 insbesondere von der M\u00f6glichkeit einer fortgeschrittenen technologischen Spezialisierung und der globalen Rotation \u2013 wusste ich, dass ich mich bewerben musste.<\/p>\n\n\n\n<figure class=\"wp-block-image size-full\"><img loading=\"lazy\" decoding=\"async\" width=\"780\" height=\"570\" src=\"https:\/\/eurocomach.sampierana.com\/wp-content\/uploads\/sites\/7\/2026\/03\/immagine-33-2.png\" alt=\"\" class=\"wp-image-30731\" srcset=\"https:\/\/eurocomach.sampierana.com\/wp-content\/uploads\/sites\/7\/2026\/03\/immagine-33-2.png 780w, https:\/\/eurocomach.sampierana.com\/wp-content\/uploads\/sites\/7\/2026\/03\/immagine-33-2-300x219.png 300w, https:\/\/eurocomach.sampierana.com\/wp-content\/uploads\/sites\/7\/2026\/03\/immagine-33-2-768x561.png 768w\" sizes=\"auto, (max-width: 780px) 100vw, 780px\" \/><\/figure>\n\n\n\n<p><strong>F: Was war f\u00fcr dich der wertvollste Teil der Job Rotation?<\/strong><\/p>\n\n\n\n<p>Einen breiteren Einblick in die <strong>Produktentwicklung<\/strong> zu gewinnen.<\/p>\n\n\n\n<blockquote class=\"wp-block-quote is-layout-flow wp-block-quote-is-layout-flow\">\n<blockquote class=\"wp-block-quote is-layout-flow wp-block-quote-is-layout-flow\">\n<p class=\"has-background\" style=\"background-color:#f3f3f3\"><em>Wir haben zwischen <strong>Engineering<\/strong>, Produkt-<strong>Validierung<\/strong> und <strong>Plattformen<\/strong> rotiert. Es ist entscheidend zu verstehen, wie eine Entscheidung im Engineering die Plattform oder den Validierungsprozess beeinflusst. Es hilft einem, das \u201eGesamtbild\u201c (<strong>Big Picture<\/strong>) der Entwicklung einer Maschine zu sehen.<\/em><\/p>\n<\/blockquote>\n<\/blockquote>\n\n\n\n<div style=\"height:25px\" aria-hidden=\"true\" class=\"wp-block-spacer\"><\/div>\n\n\n\n<h2 class=\"wp-block-heading\">Turin und Lecce: Die Kultur des Dialogs<\/h2>\n\n\n\n<div class=\"wp-block-columns is-layout-flex wp-container-core-columns-is-layout-9d6595d7 wp-block-columns-is-layout-flex\">\n<div class=\"wp-block-column is-layout-flow wp-block-column-is-layout-flow\">\n<p><strong>F: Du hast Zeit in Turin und Lecce verbracht. Was hast du von der italienischen Arbeitskultur gelernt?<\/strong><\/p>\n\n\n\n<p>Es war ein gro\u00dfartiger kultureller Austausch. Mir ist aufgefallen, wie die Italiener Probleme angehen: In Besprechungen k\u00f6nnen sie sehr energisch und leidenschaftlich diskutieren, aber sobald das Meeting endet, sind sie wieder Freunde und gehen zusammen einen Kaffee trinken. Ich denke, diese F\u00e4higkeit, intensiv zu debattieren und danach wieder ein eingespieltes Team zu sein, ist eine gro\u00dfartige Eigenschaft, die ich mit nach Brasilien nehmen m\u00f6chte.<\/p>\n\n\n\n<p><strong>F: Was waren aus technischer Sicht die H\u00f6hepunkte deines Italien-Aufenthalts?<\/strong><\/p>\n\n\n\n<p>In Brasilien haben uns die Universit\u00e4tskurse mit <strong>Spitzentechnologien<\/strong> wie <strong>Machine Learning<\/strong> und <strong>Elektrifizierung<\/strong> vertraut gemacht. Hier in Italien bin ich Teil des Teams f\u00fcr Fahrzeugelektronik geworden. Die Zeit mit ihnen in Lecce hat meinen Lernprozess erheblich beschleunigt. Ich konnte mein Wissen in den Bereichen <strong>Elektronikintegration<\/strong> und <strong>Softwareentwicklung<\/strong> vertiefen, die die Zukunft unserer Branche darstellen.<\/p>\n<\/div>\n\n\n\n<div class=\"wp-block-column is-layout-flow wp-block-column-is-layout-flow\">\n<figure class=\"wp-block-image size-large\"><img loading=\"lazy\" decoding=\"async\" width=\"1024\" height=\"680\" src=\"https:\/\/eurocomach.sampierana.com\/wp-content\/uploads\/sites\/7\/2026\/03\/Rubia-Pimenta-CE-PD-Program-1024x680.webp\" alt=\"\" class=\"wp-image-30648\" srcset=\"https:\/\/eurocomach.sampierana.com\/wp-content\/uploads\/sites\/7\/2026\/03\/Rubia-Pimenta-CE-PD-Program-1024x680.webp 1024w, https:\/\/eurocomach.sampierana.com\/wp-content\/uploads\/sites\/7\/2026\/03\/Rubia-Pimenta-CE-PD-Program-300x199.webp 300w, https:\/\/eurocomach.sampierana.com\/wp-content\/uploads\/sites\/7\/2026\/03\/Rubia-Pimenta-CE-PD-Program-768x510.webp 768w, https:\/\/eurocomach.sampierana.com\/wp-content\/uploads\/sites\/7\/2026\/03\/Rubia-Pimenta-CE-PD-Program.webp 1280w\" sizes=\"auto, (max-width: 1024px) 100vw, 1024px\" \/><\/figure>\n<\/div>\n<\/div>\n\n\n\n<h2 class=\"wp-block-heading\">Das Gep\u00e4ck der Erfahrung<\/h2>\n\n\n\n<p><strong>F: Was sind deine abschlie\u00dfenden Gedanken zu dieser Reise?<\/strong><\/p>\n\n\n\n<p>Dieses Master-Programm war eine unglaubliche Erfahrung. Von den internen Rotationen in verschiedenen Bereichen der Produktentwicklung \u00fcber die akademischen Kurse bis hin zu dieser globalen Rotation in Italien: Es war fantastico. Ich bin wirklich dankbar f\u00fcr diese riesige Chance.<\/p>\n\n\n\n<p><strong>F: Was wird dein pers\u00f6nliches Ziel in Brasilien sein?<\/strong><\/p>\n\n\n\n<p>Mein Ziel ist es, ein <strong>Bezugspunkt<\/strong> f\u00fcr <strong>Fahrzeugelektronik<\/strong> in unserem Werk in Contagem zu werden. Da ich derzeit das einzige Mitglied dieses spezifischen Teams in Brasilien bin, m\u00f6chte ich das in Italien erworbene \u201eGep\u00e4ck\u201c an Wissen nutzen, um neue L\u00f6sungen voranzutreiben. Der Markt bewegt sich unweigerlich in Richtung elektronischer und elektrischer Maschinen, und ich m\u00f6chte bereit sein, die Mentalit\u00e4t der Bediener dank dieser neuen Technologien zu ver\u00e4ndern.<\/p>\n<\/div>\n\n\n\n<div class=\"wp-block-column is-layout-flow wp-block-column-is-layout-flow\" style=\"flex-basis:20%\"><\/div>\n<\/div>\n","protected":false},"excerpt":{"rendered":"<p>Das CE PD Master-Programm: Die Erfahrung von Rafael Nachdem wir die Erfahrungen von Rubia Pimenta erkundet haben, setzen wir unsere Reise innerhalb des CE PD Master Program von CNH mit dem Erfahrungsbericht von Rafael Renno, System Engineer, fort. Rafael f\u00fchrt uns in das technologische Herz des Unternehmens und spezialisiert sich auf Fahrzeug-Elektronik und Software mit [&hellip;]<\/p>\n","protected":false},"author":9,"featured_media":0,"comment_status":"closed","ping_status":"closed","sticky":false,"template":"","format":"standard","meta":{"_breakdance_hide_in_design_set":false,"_breakdance_tags":"","footnotes":""},"categories":[89],"tags":[90,110,85,88],"class_list":["post-30675","post","type-post","status-publish","format-standard","hentry","category-people-life-de","tag-cnh-de","tag-cnhindustrial-de","tag-eurocomach-de","tag-mini-elektrobagger"],"yoast_head":"<!-- This site is optimized with the Yoast SEO plugin v26.3 - https:\/\/yoast.com\/wordpress\/plugins\/seo\/ -->\n<title>Wachstum globaler Talente: Rafael Renno und die Elektronik der Zukunft<\/title>\n<meta name=\"description\" content=\"Rafael Renno, Teilnehmer des CE PD Master-Programms, erz\u00e4hlt uns von seiner Job-Rotation-Erfahrung in Italien an den Standorten Turin und Lecce.\" \/>\n<meta name=\"robots\" content=\"index, follow, max-snippet:-1, max-image-preview:large, max-video-preview:-1\" \/>\n<link rel=\"canonical\" href=\"https:\/\/eurocomach.sampierana.com\/de\/wachstum-globaler-talente-rafael-renno-und-die-elektronik-der-zukunft\/\" \/>\n<meta property=\"og:locale\" content=\"de_DE\" \/>\n<meta property=\"og:type\" content=\"article\" \/>\n<meta property=\"og:title\" content=\"Wachstum globaler Talente: Rafael Renno und die Elektronik der Zukunft\" \/>\n<meta property=\"og:description\" content=\"Rafael Renno, Teilnehmer des CE PD Master-Programms, erz\u00e4hlt uns von seiner Job-Rotation-Erfahrung in Italien an den Standorten Turin und Lecce.\" \/>\n<meta property=\"og:url\" content=\"https:\/\/eurocomach.sampierana.com\/de\/wachstum-globaler-talente-rafael-renno-und-die-elektronik-der-zukunft\/\" \/>\n<meta property=\"og:site_name\" content=\"Eurocomach Machines\" \/>\n<meta property=\"article:published_time\" content=\"2026-03-17T13:58:39+00:00\" \/>\n<meta property=\"article:modified_time\" content=\"2026-03-17T13:59:33+00:00\" \/>\n<meta property=\"og:image\" content=\"https:\/\/eurocomach.sampierana.com\/wp-content\/uploads\/sites\/7\/2026\/03\/immagine-33-2.png\" \/>\n\t<meta property=\"og:image:width\" content=\"780\" \/>\n\t<meta property=\"og:image:height\" content=\"570\" \/>\n\t<meta property=\"og:image:type\" content=\"image\/png\" \/>\n<meta name=\"author\" content=\"dellamonicasara\" \/>\n<meta name=\"twitter:card\" content=\"summary_large_image\" \/>\n<meta name=\"twitter:label1\" content=\"Written by\" \/>\n\t<meta name=\"twitter:data1\" content=\"dellamonicasara\" \/>\n\t<meta name=\"twitter:label2\" content=\"Est. reading time\" \/>\n\t<meta name=\"twitter:data2\" content=\"3 minutes\" \/>\n<script type=\"application\/ld+json\" class=\"yoast-schema-graph\">{\"@context\":\"https:\/\/schema.org\",\"@graph\":[{\"@type\":\"Article\",\"@id\":\"https:\/\/eurocomach.sampierana.com\/de\/wachstum-globaler-talente-rafael-renno-und-die-elektronik-der-zukunft\/#article\",\"isPartOf\":{\"@id\":\"https:\/\/eurocomach.sampierana.com\/de\/wachstum-globaler-talente-rafael-renno-und-die-elektronik-der-zukunft\/\"},\"author\":{\"name\":\"dellamonicasara\",\"@id\":\"https:\/\/eurocomach.sampierana.com\/de\/#\/schema\/person\/a3d90b81acd39762fd43bea8e7208c97\"},\"headline\":\"Wachstum globaler Talente: Rafael Renno und die Elektronik der Zukunft\",\"datePublished\":\"2026-03-17T13:58:39+00:00\",\"dateModified\":\"2026-03-17T13:59:33+00:00\",\"mainEntityOfPage\":{\"@id\":\"https:\/\/eurocomach.sampierana.com\/de\/wachstum-globaler-talente-rafael-renno-und-die-elektronik-der-zukunft\/\"},\"wordCount\":598,\"publisher\":{\"@id\":\"https:\/\/eurocomach.sampierana.com\/de\/#organization\"},\"image\":{\"@id\":\"https:\/\/eurocomach.sampierana.com\/de\/wachstum-globaler-talente-rafael-renno-und-die-elektronik-der-zukunft\/#primaryimage\"},\"thumbnailUrl\":\"https:\/\/eurocomach.sampierana.com\/wp-content\/uploads\/sites\/7\/2026\/03\/immagine-33-2.png\",\"keywords\":[\"CNH\",\"cnhindustrial\",\"eurocomach\",\"Mini-Elektrobagger\"],\"articleSection\":[\"People &amp; Life\"],\"inLanguage\":\"de\"},{\"@type\":\"WebPage\",\"@id\":\"https:\/\/eurocomach.sampierana.com\/de\/wachstum-globaler-talente-rafael-renno-und-die-elektronik-der-zukunft\/\",\"url\":\"https:\/\/eurocomach.sampierana.com\/de\/wachstum-globaler-talente-rafael-renno-und-die-elektronik-der-zukunft\/\",\"name\":\"Wachstum globaler Talente: Rafael Renno und die Elektronik der Zukunft\",\"isPartOf\":{\"@id\":\"https:\/\/eurocomach.sampierana.com\/de\/#website\"},\"primaryImageOfPage\":{\"@id\":\"https:\/\/eurocomach.sampierana.com\/de\/wachstum-globaler-talente-rafael-renno-und-die-elektronik-der-zukunft\/#primaryimage\"},\"image\":{\"@id\":\"https:\/\/eurocomach.sampierana.com\/de\/wachstum-globaler-talente-rafael-renno-und-die-elektronik-der-zukunft\/#primaryimage\"},\"thumbnailUrl\":\"https:\/\/eurocomach.sampierana.com\/wp-content\/uploads\/sites\/7\/2026\/03\/immagine-33-2.png\",\"datePublished\":\"2026-03-17T13:58:39+00:00\",\"dateModified\":\"2026-03-17T13:59:33+00:00\",\"description\":\"Rafael Renno, Teilnehmer des CE PD Master-Programms, erz\u00e4hlt uns von seiner Job-Rotation-Erfahrung in Italien an den Standorten Turin und Lecce.\",\"breadcrumb\":{\"@id\":\"https:\/\/eurocomach.sampierana.com\/de\/wachstum-globaler-talente-rafael-renno-und-die-elektronik-der-zukunft\/#breadcrumb\"},\"inLanguage\":\"de\",\"potentialAction\":[{\"@type\":\"ReadAction\",\"target\":[\"https:\/\/eurocomach.sampierana.com\/de\/wachstum-globaler-talente-rafael-renno-und-die-elektronik-der-zukunft\/\"]}]},{\"@type\":\"ImageObject\",\"inLanguage\":\"de\",\"@id\":\"https:\/\/eurocomach.sampierana.com\/de\/wachstum-globaler-talente-rafael-renno-und-die-elektronik-der-zukunft\/#primaryimage\",\"url\":\"https:\/\/eurocomach.sampierana.com\/wp-content\/uploads\/sites\/7\/2026\/03\/immagine-33-2.png\",\"contentUrl\":\"https:\/\/eurocomach.sampierana.com\/wp-content\/uploads\/sites\/7\/2026\/03\/immagine-33-2.png\"},{\"@type\":\"BreadcrumbList\",\"@id\":\"https:\/\/eurocomach.sampierana.com\/de\/wachstum-globaler-talente-rafael-renno-und-die-elektronik-der-zukunft\/#breadcrumb\",\"itemListElement\":[{\"@type\":\"ListItem\",\"position\":1,\"name\":\"Home\",\"item\":\"https:\/\/eurocomach.sampierana.com\/de\/\"},{\"@type\":\"ListItem\",\"position\":2,\"name\":\"Wachstum globaler Talente: Rafael Renno und die Elektronik der Zukunft\"}]},{\"@type\":\"WebSite\",\"@id\":\"https:\/\/eurocomach.sampierana.com\/de\/#website\",\"url\":\"https:\/\/eurocomach.sampierana.com\/de\/\",\"name\":\"Eurocomach Machines\",\"description\":\"Concrete Solutions Always\",\"publisher\":{\"@id\":\"https:\/\/eurocomach.sampierana.com\/de\/#organization\"},\"potentialAction\":[{\"@type\":\"SearchAction\",\"target\":{\"@type\":\"EntryPoint\",\"urlTemplate\":\"https:\/\/eurocomach.sampierana.com\/de\/?s={search_term_string}\"},\"query-input\":{\"@type\":\"PropertyValueSpecification\",\"valueRequired\":true,\"valueName\":\"search_term_string\"}}],\"inLanguage\":\"de\"},{\"@type\":\"Organization\",\"@id\":\"https:\/\/eurocomach.sampierana.com\/de\/#organization\",\"name\":\"Eurocomach machines\",\"url\":\"https:\/\/eurocomach.sampierana.com\/de\/\",\"logo\":{\"@type\":\"ImageObject\",\"inLanguage\":\"de\",\"@id\":\"https:\/\/eurocomach.sampierana.com\/de\/#\/schema\/logo\/image\/\",\"url\":\"https:\/\/eurocomach.sampierana.com\/wp-content\/uploads\/sites\/7\/2025\/10\/logo-eurocomach.png\",\"contentUrl\":\"https:\/\/eurocomach.sampierana.com\/wp-content\/uploads\/sites\/7\/2025\/10\/logo-eurocomach.png\",\"width\":332,\"height\":152,\"caption\":\"Eurocomach machines\"},\"image\":{\"@id\":\"https:\/\/eurocomach.sampierana.com\/de\/#\/schema\/logo\/image\/\"}},{\"@type\":\"Person\",\"@id\":\"https:\/\/eurocomach.sampierana.com\/de\/#\/schema\/person\/a3d90b81acd39762fd43bea8e7208c97\",\"name\":\"dellamonicasara\"}]}<\/script>\n<!-- \/ Yoast SEO plugin. -->","yoast_head_json":{"title":"Wachstum globaler Talente: Rafael Renno und die Elektronik der Zukunft","description":"Rafael Renno, Teilnehmer des CE PD Master-Programms, erz\u00e4hlt uns von seiner Job-Rotation-Erfahrung in Italien an den Standorten Turin und Lecce.","robots":{"index":"index","follow":"follow","max-snippet":"max-snippet:-1","max-image-preview":"max-image-preview:large","max-video-preview":"max-video-preview:-1"},"canonical":"https:\/\/eurocomach.sampierana.com\/de\/wachstum-globaler-talente-rafael-renno-und-die-elektronik-der-zukunft\/","og_locale":"de_DE","og_type":"article","og_title":"Wachstum globaler Talente: Rafael Renno und die Elektronik der Zukunft","og_description":"Rafael Renno, Teilnehmer des CE PD Master-Programms, erz\u00e4hlt uns von seiner Job-Rotation-Erfahrung in Italien an den Standorten Turin und Lecce.","og_url":"https:\/\/eurocomach.sampierana.com\/de\/wachstum-globaler-talente-rafael-renno-und-die-elektronik-der-zukunft\/","og_site_name":"Eurocomach Machines","article_published_time":"2026-03-17T13:58:39+00:00","article_modified_time":"2026-03-17T13:59:33+00:00","og_image":[{"width":780,"height":570,"url":"https:\/\/eurocomach.sampierana.com\/wp-content\/uploads\/sites\/7\/2026\/03\/immagine-33-2.png","type":"image\/png"}],"author":"dellamonicasara","twitter_card":"summary_large_image","twitter_misc":{"Written by":"dellamonicasara","Est. reading time":"3 minutes"},"schema":{"@context":"https:\/\/schema.org","@graph":[{"@type":"Article","@id":"https:\/\/eurocomach.sampierana.com\/de\/wachstum-globaler-talente-rafael-renno-und-die-elektronik-der-zukunft\/#article","isPartOf":{"@id":"https:\/\/eurocomach.sampierana.com\/de\/wachstum-globaler-talente-rafael-renno-und-die-elektronik-der-zukunft\/"},"author":{"name":"dellamonicasara","@id":"https:\/\/eurocomach.sampierana.com\/de\/#\/schema\/person\/a3d90b81acd39762fd43bea8e7208c97"},"headline":"Wachstum globaler Talente: Rafael Renno und die Elektronik der Zukunft","datePublished":"2026-03-17T13:58:39+00:00","dateModified":"2026-03-17T13:59:33+00:00","mainEntityOfPage":{"@id":"https:\/\/eurocomach.sampierana.com\/de\/wachstum-globaler-talente-rafael-renno-und-die-elektronik-der-zukunft\/"},"wordCount":598,"publisher":{"@id":"https:\/\/eurocomach.sampierana.com\/de\/#organization"},"image":{"@id":"https:\/\/eurocomach.sampierana.com\/de\/wachstum-globaler-talente-rafael-renno-und-die-elektronik-der-zukunft\/#primaryimage"},"thumbnailUrl":"https:\/\/eurocomach.sampierana.com\/wp-content\/uploads\/sites\/7\/2026\/03\/immagine-33-2.png","keywords":["CNH","cnhindustrial","eurocomach","Mini-Elektrobagger"],"articleSection":["People &amp; Life"],"inLanguage":"de"},{"@type":"WebPage","@id":"https:\/\/eurocomach.sampierana.com\/de\/wachstum-globaler-talente-rafael-renno-und-die-elektronik-der-zukunft\/","url":"https:\/\/eurocomach.sampierana.com\/de\/wachstum-globaler-talente-rafael-renno-und-die-elektronik-der-zukunft\/","name":"Wachstum globaler Talente: Rafael Renno und die Elektronik der Zukunft","isPartOf":{"@id":"https:\/\/eurocomach.sampierana.com\/de\/#website"},"primaryImageOfPage":{"@id":"https:\/\/eurocomach.sampierana.com\/de\/wachstum-globaler-talente-rafael-renno-und-die-elektronik-der-zukunft\/#primaryimage"},"image":{"@id":"https:\/\/eurocomach.sampierana.com\/de\/wachstum-globaler-talente-rafael-renno-und-die-elektronik-der-zukunft\/#primaryimage"},"thumbnailUrl":"https:\/\/eurocomach.sampierana.com\/wp-content\/uploads\/sites\/7\/2026\/03\/immagine-33-2.png","datePublished":"2026-03-17T13:58:39+00:00","dateModified":"2026-03-17T13:59:33+00:00","description":"Rafael Renno, Teilnehmer des CE PD Master-Programms, erz\u00e4hlt uns von seiner Job-Rotation-Erfahrung in Italien an den Standorten Turin und Lecce.","breadcrumb":{"@id":"https:\/\/eurocomach.sampierana.com\/de\/wachstum-globaler-talente-rafael-renno-und-die-elektronik-der-zukunft\/#breadcrumb"},"inLanguage":"de","potentialAction":[{"@type":"ReadAction","target":["https:\/\/eurocomach.sampierana.com\/de\/wachstum-globaler-talente-rafael-renno-und-die-elektronik-der-zukunft\/"]}]},{"@type":"ImageObject","inLanguage":"de","@id":"https:\/\/eurocomach.sampierana.com\/de\/wachstum-globaler-talente-rafael-renno-und-die-elektronik-der-zukunft\/#primaryimage","url":"https:\/\/eurocomach.sampierana.com\/wp-content\/uploads\/sites\/7\/2026\/03\/immagine-33-2.png","contentUrl":"https:\/\/eurocomach.sampierana.com\/wp-content\/uploads\/sites\/7\/2026\/03\/immagine-33-2.png"},{"@type":"BreadcrumbList","@id":"https:\/\/eurocomach.sampierana.com\/de\/wachstum-globaler-talente-rafael-renno-und-die-elektronik-der-zukunft\/#breadcrumb","itemListElement":[{"@type":"ListItem","position":1,"name":"Home","item":"https:\/\/eurocomach.sampierana.com\/de\/"},{"@type":"ListItem","position":2,"name":"Wachstum globaler Talente: Rafael Renno und die Elektronik der Zukunft"}]},{"@type":"WebSite","@id":"https:\/\/eurocomach.sampierana.com\/de\/#website","url":"https:\/\/eurocomach.sampierana.com\/de\/","name":"Eurocomach Machines","description":"Concrete Solutions Always","publisher":{"@id":"https:\/\/eurocomach.sampierana.com\/de\/#organization"},"potentialAction":[{"@type":"SearchAction","target":{"@type":"EntryPoint","urlTemplate":"https:\/\/eurocomach.sampierana.com\/de\/?s={search_term_string}"},"query-input":{"@type":"PropertyValueSpecification","valueRequired":true,"valueName":"search_term_string"}}],"inLanguage":"de"},{"@type":"Organization","@id":"https:\/\/eurocomach.sampierana.com\/de\/#organization","name":"Eurocomach machines","url":"https:\/\/eurocomach.sampierana.com\/de\/","logo":{"@type":"ImageObject","inLanguage":"de","@id":"https:\/\/eurocomach.sampierana.com\/de\/#\/schema\/logo\/image\/","url":"https:\/\/eurocomach.sampierana.com\/wp-content\/uploads\/sites\/7\/2025\/10\/logo-eurocomach.png","contentUrl":"https:\/\/eurocomach.sampierana.com\/wp-content\/uploads\/sites\/7\/2025\/10\/logo-eurocomach.png","width":332,"height":152,"caption":"Eurocomach machines"},"image":{"@id":"https:\/\/eurocomach.sampierana.com\/de\/#\/schema\/logo\/image\/"}},{"@type":"Person","@id":"https:\/\/eurocomach.sampierana.com\/de\/#\/schema\/person\/a3d90b81acd39762fd43bea8e7208c97","name":"dellamonicasara"}]}},"_links":{"self":[{"href":"https:\/\/eurocomach.sampierana.com\/de\/wp-json\/wp\/v2\/posts\/30675","targetHints":{"allow":["GET"]}}],"collection":[{"href":"https:\/\/eurocomach.sampierana.com\/de\/wp-json\/wp\/v2\/posts"}],"about":[{"href":"https:\/\/eurocomach.sampierana.com\/de\/wp-json\/wp\/v2\/types\/post"}],"author":[{"embeddable":true,"href":"https:\/\/eurocomach.sampierana.com\/de\/wp-json\/wp\/v2\/users\/9"}],"replies":[{"embeddable":true,"href":"https:\/\/eurocomach.sampierana.com\/de\/wp-json\/wp\/v2\/comments?post=30675"}],"version-history":[{"count":3,"href":"https:\/\/eurocomach.sampierana.com\/de\/wp-json\/wp\/v2\/posts\/30675\/revisions"}],"predecessor-version":[{"id":30736,"href":"https:\/\/eurocomach.sampierana.com\/de\/wp-json\/wp\/v2\/posts\/30675\/revisions\/30736"}],"wp:attachment":[{"href":"https:\/\/eurocomach.sampierana.com\/de\/wp-json\/wp\/v2\/media?parent=30675"}],"wp:term":[{"taxonomy":"category","embeddable":true,"href":"https:\/\/eurocomach.sampierana.com\/de\/wp-json\/wp\/v2\/categories?post=30675"},{"taxonomy":"post_tag","embeddable":true,"href":"https:\/\/eurocomach.sampierana.com\/de\/wp-json\/wp\/v2\/tags?post=30675"}],"curies":[{"name":"wp","href":"https:\/\/api.w.org\/{rel}","templated":true}]}}