{"id":20983,"date":"2023-10-23T14:13:00","date_gmt":"2023-10-23T14:13:00","guid":{"rendered":"https:\/\/eurocomach.sampierana.com\/ausbildungswoche-fur-die-entwicklung-technischer-und-praktischer-fahigkeiten-im-werk-cesena\/"},"modified":"2024-07-12T15:06:48","modified_gmt":"2024-07-12T15:06:48","slug":"ausbildungswoche-fur-die-entwicklung-technischer-und-praktischer-fahigkeiten-im-werk-cesena","status":"publish","type":"post","link":"https:\/\/eurocomach.sampierana.com\/de\/ausbildungswoche-fur-die-entwicklung-technischer-und-praktischer-fahigkeiten-im-werk-cesena\/","title":{"rendered":"Ausbildungswoche f\u00fcr die Entwicklung technischer und praktischer F\u00e4higkeiten im Werk Cesena"},"content":{"rendered":"<h2 class=\"wp-block-heading\"><\/h2>\n\n\n\n<p>Im August nahmen die <strong>Mitarbeiter<\/strong> der <strong>Linie 3<\/strong> unter der Leitung von internen Trainern und externen Dienstleistern an einer Schulung teil. Der insgesamt 40-st\u00fcndige Kurs wechselte zwischen Pr\u00e4senzschulungen, Online-Schulungen und Projektarbeit.<\/p>\n\n\n\n<p>Das Thema <strong>Qualit\u00e4t <\/strong> und die <strong>kontinuierliche Verbesserung <\/strong>im <em>area manufacturing<\/em> stehen im Fokus dieser Schulungen f\u00fcr unser Produktionsteam.<\/p>\n\n\n\n<p>In Gruppen haben Arbeitnehmerinnen und Arbeitnehmer kleine Teams gebildet, die sich mit der L\u00f6sung verschiedener Probleme befassen, die von den Ausbildern vorgeschlagen werden.<\/p>\n\n\n\n<p>Im Werk von <strong>Cesena<\/strong> haben die Ausbilder die korrekte Verwendung von Elektroschl\u00fcsseln und Schraubern sowie das Problemmanagement bei Fehlen dieser Werkzeuge vertieft.<\/p>\n\n\n\n<p>Bei dieser Gelegenheit hatte das Produktionsteam die M\u00f6glichkeit, sich bei der Montage des neuen elektrischen Modells der Marke Eurocomach, dem <strong>25X<\/strong>, zu beweisen.<\/p>\n\n\n\n<p>Das Ziel ist es, diese Momente der Bildung und des Wachstums f\u00fcr das gesamte Team Sampierana, das bereits in die Zukunft blickt, weiter zu schaffen und ihnen Raum zu geben.\u00a0\u00a0<\/p>\n\n\n\n<p>Erfahren Sie mehr \u00fcber das Programm <a href=\"https:\/\/www.sampierana.com\/de\/sampierana-women-academy\/\" target=\"_blank\" rel=\"noreferrer noopener\">Women Academy.<\/a><\/p>\n","protected":false},"excerpt":{"rendered":"<p>Qualit\u00e4t und kontinuierliche Verbesserung im Zentrum der Eurocomach Ausbildung<\/p>\n","protected":false},"author":9,"featured_media":17274,"comment_status":"closed","ping_status":"open","sticky":false,"template":"","format":"standard","meta":{"_breakdance_hide_in_design_set":false,"_breakdance_tags":"","footnotes":""},"categories":[89],"tags":[107,85,104,106,105],"class_list":["post-20983","post","type-post","status-publish","format-standard","has-post-thumbnail","hentry","category-people-life-de","tag-construction-de","tag-eurocomach-de","tag-sampierana-de","tag-training-de-2","tag-training-de"],"yoast_head":"<!-- This site is optimized with the Yoast SEO plugin v26.3 - https:\/\/yoast.com\/wordpress\/plugins\/seo\/ -->\n<title>Ausbildungswoche f\u00fcr die Entwicklung technischer und praktischer F\u00e4higkeiten im Werk Cesena<\/title>\n<meta name=\"description\" content=\"Eine Woche Schulung f\u00fcr das Produktionsteam, das mit den Montagetrainings f\u00fcr das neue elektrische Modell besch\u00e4ftigt ist.\" \/>\n<meta name=\"robots\" content=\"index, follow, max-snippet:-1, max-image-preview:large, max-video-preview:-1\" \/>\n<link rel=\"canonical\" href=\"https:\/\/eurocomach.sampierana.com\/de\/ausbildungswoche-fur-die-entwicklung-technischer-und-praktischer-fahigkeiten-im-werk-cesena\/\" \/>\n<meta property=\"og:locale\" content=\"de_DE\" \/>\n<meta property=\"og:type\" content=\"article\" \/>\n<meta property=\"og:title\" content=\"Ausbildungswoche f\u00fcr die Entwicklung technischer und praktischer F\u00e4higkeiten im Werk Cesena\" \/>\n<meta property=\"og:description\" content=\"Eine Woche Schulung f\u00fcr das Produktionsteam, das mit den Montagetrainings f\u00fcr das neue elektrische Modell besch\u00e4ftigt ist.\" \/>\n<meta property=\"og:url\" content=\"https:\/\/eurocomach.sampierana.com\/de\/ausbildungswoche-fur-die-entwicklung-technischer-und-praktischer-fahigkeiten-im-werk-cesena\/\" \/>\n<meta property=\"og:site_name\" content=\"Eurocomach Machines\" \/>\n<meta property=\"article:published_time\" content=\"2023-10-23T14:13:00+00:00\" \/>\n<meta property=\"article:modified_time\" content=\"2024-07-12T15:06:48+00:00\" \/>\n<meta property=\"og:image\" content=\"https:\/\/eurocomach.sampierana.com\/wp-content\/uploads\/sites\/7\/2023\/10\/Sampierana_Cover_3.png\" \/>\n\t<meta property=\"og:image:width\" content=\"1920\" \/>\n\t<meta property=\"og:image:height\" content=\"400\" \/>\n\t<meta property=\"og:image:type\" content=\"image\/png\" \/>\n<meta name=\"author\" content=\"dellamonicasara\" \/>\n<meta name=\"twitter:card\" content=\"summary_large_image\" \/>\n<meta name=\"twitter:label1\" content=\"Written by\" \/>\n\t<meta name=\"twitter:data1\" content=\"dellamonicasara\" \/>\n\t<meta name=\"twitter:label2\" content=\"Est. reading time\" \/>\n\t<meta name=\"twitter:data2\" content=\"1 minute\" \/>\n<script type=\"application\/ld+json\" class=\"yoast-schema-graph\">{\"@context\":\"https:\/\/schema.org\",\"@graph\":[{\"@type\":\"Article\",\"@id\":\"https:\/\/eurocomach.sampierana.com\/de\/ausbildungswoche-fur-die-entwicklung-technischer-und-praktischer-fahigkeiten-im-werk-cesena\/#article\",\"isPartOf\":{\"@id\":\"https:\/\/eurocomach.sampierana.com\/de\/ausbildungswoche-fur-die-entwicklung-technischer-und-praktischer-fahigkeiten-im-werk-cesena\/\"},\"author\":{\"name\":\"dellamonicasara\",\"@id\":\"https:\/\/eurocomach.sampierana.com\/de\/#\/schema\/person\/a3d90b81acd39762fd43bea8e7208c97\"},\"headline\":\"Ausbildungswoche f\u00fcr die Entwicklung technischer und praktischer F\u00e4higkeiten im Werk Cesena\",\"datePublished\":\"2023-10-23T14:13:00+00:00\",\"dateModified\":\"2024-07-12T15:06:48+00:00\",\"mainEntityOfPage\":{\"@id\":\"https:\/\/eurocomach.sampierana.com\/de\/ausbildungswoche-fur-die-entwicklung-technischer-und-praktischer-fahigkeiten-im-werk-cesena\/\"},\"wordCount\":177,\"publisher\":{\"@id\":\"https:\/\/eurocomach.sampierana.com\/de\/#organization\"},\"image\":{\"@id\":\"https:\/\/eurocomach.sampierana.com\/de\/ausbildungswoche-fur-die-entwicklung-technischer-und-praktischer-fahigkeiten-im-werk-cesena\/#primaryimage\"},\"thumbnailUrl\":\"https:\/\/eurocomach.sampierana.com\/wp-content\/uploads\/sites\/7\/2023\/10\/Sampierana_Cover_3.png\",\"keywords\":[\"construction\",\"eurocomach\",\"sampierana\",\"training\",\"training\"],\"articleSection\":[\"People &amp; Life\"],\"inLanguage\":\"de\"},{\"@type\":\"WebPage\",\"@id\":\"https:\/\/eurocomach.sampierana.com\/de\/ausbildungswoche-fur-die-entwicklung-technischer-und-praktischer-fahigkeiten-im-werk-cesena\/\",\"url\":\"https:\/\/eurocomach.sampierana.com\/de\/ausbildungswoche-fur-die-entwicklung-technischer-und-praktischer-fahigkeiten-im-werk-cesena\/\",\"name\":\"Ausbildungswoche f\u00fcr die Entwicklung technischer und praktischer F\u00e4higkeiten im Werk Cesena\",\"isPartOf\":{\"@id\":\"https:\/\/eurocomach.sampierana.com\/de\/#website\"},\"primaryImageOfPage\":{\"@id\":\"https:\/\/eurocomach.sampierana.com\/de\/ausbildungswoche-fur-die-entwicklung-technischer-und-praktischer-fahigkeiten-im-werk-cesena\/#primaryimage\"},\"image\":{\"@id\":\"https:\/\/eurocomach.sampierana.com\/de\/ausbildungswoche-fur-die-entwicklung-technischer-und-praktischer-fahigkeiten-im-werk-cesena\/#primaryimage\"},\"thumbnailUrl\":\"https:\/\/eurocomach.sampierana.com\/wp-content\/uploads\/sites\/7\/2023\/10\/Sampierana_Cover_3.png\",\"datePublished\":\"2023-10-23T14:13:00+00:00\",\"dateModified\":\"2024-07-12T15:06:48+00:00\",\"description\":\"Eine Woche Schulung f\u00fcr das Produktionsteam, das mit den Montagetrainings f\u00fcr das neue elektrische Modell besch\u00e4ftigt ist.\",\"breadcrumb\":{\"@id\":\"https:\/\/eurocomach.sampierana.com\/de\/ausbildungswoche-fur-die-entwicklung-technischer-und-praktischer-fahigkeiten-im-werk-cesena\/#breadcrumb\"},\"inLanguage\":\"de\",\"potentialAction\":[{\"@type\":\"ReadAction\",\"target\":[\"https:\/\/eurocomach.sampierana.com\/de\/ausbildungswoche-fur-die-entwicklung-technischer-und-praktischer-fahigkeiten-im-werk-cesena\/\"]}]},{\"@type\":\"ImageObject\",\"inLanguage\":\"de\",\"@id\":\"https:\/\/eurocomach.sampierana.com\/de\/ausbildungswoche-fur-die-entwicklung-technischer-und-praktischer-fahigkeiten-im-werk-cesena\/#primaryimage\",\"url\":\"https:\/\/eurocomach.sampierana.com\/wp-content\/uploads\/sites\/7\/2023\/10\/Sampierana_Cover_3.png\",\"contentUrl\":\"https:\/\/eurocomach.sampierana.com\/wp-content\/uploads\/sites\/7\/2023\/10\/Sampierana_Cover_3.png\",\"width\":1920,\"height\":400,\"caption\":\"Sampierana Eurocomach\"},{\"@type\":\"BreadcrumbList\",\"@id\":\"https:\/\/eurocomach.sampierana.com\/de\/ausbildungswoche-fur-die-entwicklung-technischer-und-praktischer-fahigkeiten-im-werk-cesena\/#breadcrumb\",\"itemListElement\":[{\"@type\":\"ListItem\",\"position\":1,\"name\":\"Home\",\"item\":\"https:\/\/eurocomach.sampierana.com\/de\/\"},{\"@type\":\"ListItem\",\"position\":2,\"name\":\"Ausbildungswoche f\u00fcr die Entwicklung technischer und praktischer F\u00e4higkeiten im Werk Cesena\"}]},{\"@type\":\"WebSite\",\"@id\":\"https:\/\/eurocomach.sampierana.com\/de\/#website\",\"url\":\"https:\/\/eurocomach.sampierana.com\/de\/\",\"name\":\"Eurocomach Machines\",\"description\":\"Concrete Solutions Always\",\"publisher\":{\"@id\":\"https:\/\/eurocomach.sampierana.com\/de\/#organization\"},\"potentialAction\":[{\"@type\":\"SearchAction\",\"target\":{\"@type\":\"EntryPoint\",\"urlTemplate\":\"https:\/\/eurocomach.sampierana.com\/de\/?s={search_term_string}\"},\"query-input\":{\"@type\":\"PropertyValueSpecification\",\"valueRequired\":true,\"valueName\":\"search_term_string\"}}],\"inLanguage\":\"de\"},{\"@type\":\"Organization\",\"@id\":\"https:\/\/eurocomach.sampierana.com\/de\/#organization\",\"name\":\"Eurocomach machines\",\"url\":\"https:\/\/eurocomach.sampierana.com\/de\/\",\"logo\":{\"@type\":\"ImageObject\",\"inLanguage\":\"de\",\"@id\":\"https:\/\/eurocomach.sampierana.com\/de\/#\/schema\/logo\/image\/\",\"url\":\"https:\/\/eurocomach.sampierana.com\/wp-content\/uploads\/sites\/7\/2025\/10\/logo-eurocomach.png\",\"contentUrl\":\"https:\/\/eurocomach.sampierana.com\/wp-content\/uploads\/sites\/7\/2025\/10\/logo-eurocomach.png\",\"width\":332,\"height\":152,\"caption\":\"Eurocomach machines\"},\"image\":{\"@id\":\"https:\/\/eurocomach.sampierana.com\/de\/#\/schema\/logo\/image\/\"}},{\"@type\":\"Person\",\"@id\":\"https:\/\/eurocomach.sampierana.com\/de\/#\/schema\/person\/a3d90b81acd39762fd43bea8e7208c97\",\"name\":\"dellamonicasara\"}]}<\/script>\n<!-- \/ Yoast SEO plugin. -->","yoast_head_json":{"title":"Ausbildungswoche f\u00fcr die Entwicklung technischer und praktischer F\u00e4higkeiten im Werk Cesena","description":"Eine Woche Schulung f\u00fcr das Produktionsteam, das mit den Montagetrainings f\u00fcr das neue elektrische Modell besch\u00e4ftigt ist.","robots":{"index":"index","follow":"follow","max-snippet":"max-snippet:-1","max-image-preview":"max-image-preview:large","max-video-preview":"max-video-preview:-1"},"canonical":"https:\/\/eurocomach.sampierana.com\/de\/ausbildungswoche-fur-die-entwicklung-technischer-und-praktischer-fahigkeiten-im-werk-cesena\/","og_locale":"de_DE","og_type":"article","og_title":"Ausbildungswoche f\u00fcr die Entwicklung technischer und praktischer F\u00e4higkeiten im Werk Cesena","og_description":"Eine Woche Schulung f\u00fcr das Produktionsteam, das mit den Montagetrainings f\u00fcr das neue elektrische Modell besch\u00e4ftigt ist.","og_url":"https:\/\/eurocomach.sampierana.com\/de\/ausbildungswoche-fur-die-entwicklung-technischer-und-praktischer-fahigkeiten-im-werk-cesena\/","og_site_name":"Eurocomach Machines","article_published_time":"2023-10-23T14:13:00+00:00","article_modified_time":"2024-07-12T15:06:48+00:00","og_image":[{"width":1920,"height":400,"url":"https:\/\/eurocomach.sampierana.com\/wp-content\/uploads\/sites\/7\/2023\/10\/Sampierana_Cover_3.png","type":"image\/png"}],"author":"dellamonicasara","twitter_card":"summary_large_image","twitter_misc":{"Written by":"dellamonicasara","Est. reading time":"1 minute"},"schema":{"@context":"https:\/\/schema.org","@graph":[{"@type":"Article","@id":"https:\/\/eurocomach.sampierana.com\/de\/ausbildungswoche-fur-die-entwicklung-technischer-und-praktischer-fahigkeiten-im-werk-cesena\/#article","isPartOf":{"@id":"https:\/\/eurocomach.sampierana.com\/de\/ausbildungswoche-fur-die-entwicklung-technischer-und-praktischer-fahigkeiten-im-werk-cesena\/"},"author":{"name":"dellamonicasara","@id":"https:\/\/eurocomach.sampierana.com\/de\/#\/schema\/person\/a3d90b81acd39762fd43bea8e7208c97"},"headline":"Ausbildungswoche f\u00fcr die Entwicklung technischer und praktischer F\u00e4higkeiten im Werk Cesena","datePublished":"2023-10-23T14:13:00+00:00","dateModified":"2024-07-12T15:06:48+00:00","mainEntityOfPage":{"@id":"https:\/\/eurocomach.sampierana.com\/de\/ausbildungswoche-fur-die-entwicklung-technischer-und-praktischer-fahigkeiten-im-werk-cesena\/"},"wordCount":177,"publisher":{"@id":"https:\/\/eurocomach.sampierana.com\/de\/#organization"},"image":{"@id":"https:\/\/eurocomach.sampierana.com\/de\/ausbildungswoche-fur-die-entwicklung-technischer-und-praktischer-fahigkeiten-im-werk-cesena\/#primaryimage"},"thumbnailUrl":"https:\/\/eurocomach.sampierana.com\/wp-content\/uploads\/sites\/7\/2023\/10\/Sampierana_Cover_3.png","keywords":["construction","eurocomach","sampierana","training","training"],"articleSection":["People &amp; Life"],"inLanguage":"de"},{"@type":"WebPage","@id":"https:\/\/eurocomach.sampierana.com\/de\/ausbildungswoche-fur-die-entwicklung-technischer-und-praktischer-fahigkeiten-im-werk-cesena\/","url":"https:\/\/eurocomach.sampierana.com\/de\/ausbildungswoche-fur-die-entwicklung-technischer-und-praktischer-fahigkeiten-im-werk-cesena\/","name":"Ausbildungswoche f\u00fcr die Entwicklung technischer und praktischer F\u00e4higkeiten im Werk Cesena","isPartOf":{"@id":"https:\/\/eurocomach.sampierana.com\/de\/#website"},"primaryImageOfPage":{"@id":"https:\/\/eurocomach.sampierana.com\/de\/ausbildungswoche-fur-die-entwicklung-technischer-und-praktischer-fahigkeiten-im-werk-cesena\/#primaryimage"},"image":{"@id":"https:\/\/eurocomach.sampierana.com\/de\/ausbildungswoche-fur-die-entwicklung-technischer-und-praktischer-fahigkeiten-im-werk-cesena\/#primaryimage"},"thumbnailUrl":"https:\/\/eurocomach.sampierana.com\/wp-content\/uploads\/sites\/7\/2023\/10\/Sampierana_Cover_3.png","datePublished":"2023-10-23T14:13:00+00:00","dateModified":"2024-07-12T15:06:48+00:00","description":"Eine Woche Schulung f\u00fcr das Produktionsteam, das mit den Montagetrainings f\u00fcr das neue elektrische Modell besch\u00e4ftigt ist.","breadcrumb":{"@id":"https:\/\/eurocomach.sampierana.com\/de\/ausbildungswoche-fur-die-entwicklung-technischer-und-praktischer-fahigkeiten-im-werk-cesena\/#breadcrumb"},"inLanguage":"de","potentialAction":[{"@type":"ReadAction","target":["https:\/\/eurocomach.sampierana.com\/de\/ausbildungswoche-fur-die-entwicklung-technischer-und-praktischer-fahigkeiten-im-werk-cesena\/"]}]},{"@type":"ImageObject","inLanguage":"de","@id":"https:\/\/eurocomach.sampierana.com\/de\/ausbildungswoche-fur-die-entwicklung-technischer-und-praktischer-fahigkeiten-im-werk-cesena\/#primaryimage","url":"https:\/\/eurocomach.sampierana.com\/wp-content\/uploads\/sites\/7\/2023\/10\/Sampierana_Cover_3.png","contentUrl":"https:\/\/eurocomach.sampierana.com\/wp-content\/uploads\/sites\/7\/2023\/10\/Sampierana_Cover_3.png","width":1920,"height":400,"caption":"Sampierana Eurocomach"},{"@type":"BreadcrumbList","@id":"https:\/\/eurocomach.sampierana.com\/de\/ausbildungswoche-fur-die-entwicklung-technischer-und-praktischer-fahigkeiten-im-werk-cesena\/#breadcrumb","itemListElement":[{"@type":"ListItem","position":1,"name":"Home","item":"https:\/\/eurocomach.sampierana.com\/de\/"},{"@type":"ListItem","position":2,"name":"Ausbildungswoche f\u00fcr die Entwicklung technischer und praktischer F\u00e4higkeiten im Werk Cesena"}]},{"@type":"WebSite","@id":"https:\/\/eurocomach.sampierana.com\/de\/#website","url":"https:\/\/eurocomach.sampierana.com\/de\/","name":"Eurocomach Machines","description":"Concrete Solutions Always","publisher":{"@id":"https:\/\/eurocomach.sampierana.com\/de\/#organization"},"potentialAction":[{"@type":"SearchAction","target":{"@type":"EntryPoint","urlTemplate":"https:\/\/eurocomach.sampierana.com\/de\/?s={search_term_string}"},"query-input":{"@type":"PropertyValueSpecification","valueRequired":true,"valueName":"search_term_string"}}],"inLanguage":"de"},{"@type":"Organization","@id":"https:\/\/eurocomach.sampierana.com\/de\/#organization","name":"Eurocomach machines","url":"https:\/\/eurocomach.sampierana.com\/de\/","logo":{"@type":"ImageObject","inLanguage":"de","@id":"https:\/\/eurocomach.sampierana.com\/de\/#\/schema\/logo\/image\/","url":"https:\/\/eurocomach.sampierana.com\/wp-content\/uploads\/sites\/7\/2025\/10\/logo-eurocomach.png","contentUrl":"https:\/\/eurocomach.sampierana.com\/wp-content\/uploads\/sites\/7\/2025\/10\/logo-eurocomach.png","width":332,"height":152,"caption":"Eurocomach machines"},"image":{"@id":"https:\/\/eurocomach.sampierana.com\/de\/#\/schema\/logo\/image\/"}},{"@type":"Person","@id":"https:\/\/eurocomach.sampierana.com\/de\/#\/schema\/person\/a3d90b81acd39762fd43bea8e7208c97","name":"dellamonicasara"}]}},"_links":{"self":[{"href":"https:\/\/eurocomach.sampierana.com\/de\/wp-json\/wp\/v2\/posts\/20983","targetHints":{"allow":["GET"]}}],"collection":[{"href":"https:\/\/eurocomach.sampierana.com\/de\/wp-json\/wp\/v2\/posts"}],"about":[{"href":"https:\/\/eurocomach.sampierana.com\/de\/wp-json\/wp\/v2\/types\/post"}],"author":[{"embeddable":true,"href":"https:\/\/eurocomach.sampierana.com\/de\/wp-json\/wp\/v2\/users\/9"}],"replies":[{"embeddable":true,"href":"https:\/\/eurocomach.sampierana.com\/de\/wp-json\/wp\/v2\/comments?post=20983"}],"version-history":[{"count":2,"href":"https:\/\/eurocomach.sampierana.com\/de\/wp-json\/wp\/v2\/posts\/20983\/revisions"}],"predecessor-version":[{"id":21014,"href":"https:\/\/eurocomach.sampierana.com\/de\/wp-json\/wp\/v2\/posts\/20983\/revisions\/21014"}],"wp:featuredmedia":[{"embeddable":true,"href":"https:\/\/eurocomach.sampierana.com\/de\/wp-json\/wp\/v2\/media\/17274"}],"wp:attachment":[{"href":"https:\/\/eurocomach.sampierana.com\/de\/wp-json\/wp\/v2\/media?parent=20983"}],"wp:term":[{"taxonomy":"category","embeddable":true,"href":"https:\/\/eurocomach.sampierana.com\/de\/wp-json\/wp\/v2\/categories?post=20983"},{"taxonomy":"post_tag","embeddable":true,"href":"https:\/\/eurocomach.sampierana.com\/de\/wp-json\/wp\/v2\/tags?post=20983"}],"curies":[{"name":"wp","href":"https:\/\/api.w.org\/{rel}","templated":true}]}}